{"id":10093,"date":"2016-09-19T13:53:51","date_gmt":"2016-09-19T13:53:51","guid":{"rendered":"https:\/\/mycor.iam.inrae.fr\/ARBRE\/?p=10093"},"modified":"2016-09-26T11:25:11","modified_gmt":"2016-09-26T11:25:11","slug":"eiffel-une-foret-experimentale-situee-en-pleine-ville","status":"publish","type":"post","link":"https:\/\/mycor.iam.inrae.fr\/ARBRE\/?p=10093","title":{"rendered":"EIFFEL \u2014 une for\u00eat exp\u00e9rimentale situ\u00e9e en pleine ville"},"content":{"rendered":"<p><a href=\"https:\/\/mycor.iam.inrae.fr\/ARBRE\/wp-content\/uploads\/2016\/09\/Screenshot-2016-09-19-15.03.23.png\"><img loading=\"lazy\" decoding=\"async\" class=\"size-full wp-image-10096 alignleft\" src=\"https:\/\/mycor.iam.inrae.fr\/ARBRE\/wp-content\/uploads\/2016\/09\/Screenshot-2016-09-19-15.03.23.png\" alt=\"Screenshot 2016-09-19 15.03.23\" width=\"301\" height=\"125\" srcset=\"https:\/\/mycor.iam.inrae.fr\/ARBRE\/wp-content\/uploads\/2016\/09\/Screenshot-2016-09-19-15.03.23.png 301w, https:\/\/mycor.iam.inrae.fr\/ARBRE\/wp-content\/uploads\/2016\/09\/Screenshot-2016-09-19-15.03.23-300x125.png 300w\" sizes=\"auto, (max-width: 301px) 100vw, 301px\" \/><\/a><\/p>\n<p>&nbsp;<\/p>\n<p>&nbsp;<\/p>\n<p>&nbsp;<\/p>\n<p><em>Initiative Exp\u00e9rimentale pour le Future des Ecosyst\u00e8mes Forestiers en Lorraine<\/em><\/p>\n<p><strong>EIFFEL est un projet de recherche incitatif soutenu par le LabEx ARBRE dans le cadre de son appel \u00e0 projets 2015. <\/strong><strong>La for\u00eat EIFFEL sera utilis\u00e9 pour \u00e9tudier l&rsquo;adaptation des esp\u00e8ces foresti\u00e8res aux conditions climatique future en Lorraine.<\/strong><\/p>\n<p>Le climat est le principal facteur qui influence la distribution des biomes forestiers et des esp\u00e8ces d&rsquo;arbres, faisant \u00e9merger des questions quant \u00e0 leur futur dans un contexte de changement climatique. L&rsquo;aire bioclimatique potentielle des essences sera modifi\u00e9e du fait de l&rsquo;augmentation de la temp\u00e9rature et des \u00e9pisodes de s\u00e9cheresse, n\u00e9cessitant de r\u00e9fl\u00e9chir \u00e0 des strat\u00e9gies d&rsquo;adaptation qui garantiraient le maintien des services \u00e9cosyst\u00e9miques et de la production de bois.<a href=\"https:\/\/mycor.iam.inrae.fr\/ARBRE\/wp-content\/uploads\/2016\/09\/jardin-botanique.jpg\"><img loading=\"lazy\" decoding=\"async\" class=\"size-full wp-image-10074 alignleft\" src=\"https:\/\/mycor.iam.inrae.fr\/ARBRE\/wp-content\/uploads\/2016\/09\/jardin-botanique.jpg\" alt=\"jardin botanique\" width=\"235\" height=\"307\" srcset=\"https:\/\/mycor.iam.inrae.fr\/ARBRE\/wp-content\/uploads\/2016\/09\/jardin-botanique.jpg 235w, https:\/\/mycor.iam.inrae.fr\/ARBRE\/wp-content\/uploads\/2016\/09\/jardin-botanique-230x300.jpg 230w\" sizes=\"auto, (max-width: 235px) 100vw, 235px\" \/><\/a><\/p>\n<p>EIFFEL est une for\u00eat exp\u00e9rimentale de 3 ha situ\u00e9e au Jardin Botanique Jean-Marie Pelt pour \u00e9tudier l&rsquo;adaptation des esp\u00e8ces foresti\u00e8res aux conditions climatiques futures en Lorraine. Cette for\u00eat sera constitu\u00e9e d&rsquo;un m\u00e9lange d&rsquo;esp\u00e8ces repr\u00e9sentatives de la for\u00eat Lorraine actuelle, d&rsquo;un assemblage d&rsquo;esp\u00e8ces les plus thermophiles d\u00e9j\u00e0 pr\u00e9sentes en Lorraine et d&rsquo;esp\u00e8ces m\u00e9diterran\u00e9ennes qui pr\u00e9sentent des exigences thermiques plus \u00e9lev\u00e9es et qui sont plus tol\u00e9rantes \u00e0 la s\u00e9cheresse.<\/p>\n<p>Apr\u00e8s les quelques ann\u00e9e n\u00e9cessaires \u00e0 l&rsquo;\u00e9tablissement des arbres, la for\u00eat EIFFEL sera utilis\u00e9e pour \u00e9tudier l&rsquo;\u00e9volution probable de la for\u00eat lorraine et de son fonctionnement face au changement climatique. Il s&rsquo;agit d&rsquo;un projet ambitieux sur le long terme visant \u00e0 mettre en place une infrastructure de recherche et d&rsquo;\u00e9ducation \u00e0 destination des g\u00e9n\u00e9rations futures d&rsquo;\u00e9tudiants et de chercheurs de Lorraine et du monde entier, tout en gardant un contact \u00e9troit avec les riverains et le public qui visitent les jardins botaniques du Grand Nancy et de l&rsquo;Universit\u00e9 de Lorraine.<\/p>\n<p>Pour plus d&rsquo;infos : <a href=\"https:\/\/mycor.iam.inrae.fr\/ARBRE\/?page_id=10078\"><strong>Projet EIFFEL en d\u00e9tail<\/strong><\/a><\/p>\n<p><em>R\u00e9f\u00e9rent Scientifique : Daniel Epron<\/em><br \/>\n<em>Charg\u00e9 de projet technique et financier : Maude Antoine<\/em><\/p>\n<p><a href=\"https:\/\/mycor.iam.inrae.fr\/ARBRE\/wp-content\/uploads\/2016\/09\/partners.jpg\"><img loading=\"lazy\" decoding=\"async\" class=\"alignright size-full wp-image-10101\" src=\"https:\/\/mycor.iam.inrae.fr\/ARBRE\/wp-content\/uploads\/2016\/09\/partners.jpg\" alt=\"partners\" width=\"620\" height=\"113\" srcset=\"https:\/\/mycor.iam.inrae.fr\/ARBRE\/wp-content\/uploads\/2016\/09\/partners.jpg 620w, https:\/\/mycor.iam.inrae.fr\/ARBRE\/wp-content\/uploads\/2016\/09\/partners-300x55.jpg 300w, https:\/\/mycor.iam.inrae.fr\/ARBRE\/wp-content\/uploads\/2016\/09\/partners-500x91.jpg 500w\" sizes=\"auto, (max-width: 620px) 100vw, 620px\" \/><\/a><\/p>\n<p>&nbsp;<\/p>\n","protected":false},"excerpt":{"rendered":"<p>&nbsp; &nbsp; &nbsp; Initiative Exp\u00e9rimentale pour le Future des Ecosyst\u00e8mes Forestiers en Lorraine EIFFEL est un projet de recherche incitatif soutenu par le LabEx ARBRE dans le cadre de son appel \u00e0 projets 2015. La for\u00eat EIFFEL sera utilis\u00e9 pour &hellip; <a href=\"https:\/\/mycor.iam.inrae.fr\/ARBRE\/?p=10093\">Continuer la lecture <span class=\"meta-nav\">&rarr;<\/span><\/a><\/p>\n","protected":false},"author":4,"featured_media":0,"comment_status":"closed","ping_status":"closed","sticky":false,"template":"","format":"standard","meta":{"footnotes":""},"categories":[1],"tags":[],"class_list":["post-10093","post","type-post","status-publish","format-standard","hentry","category-divers"],"_links":{"self":[{"href":"https:\/\/mycor.iam.inrae.fr\/ARBRE\/index.php?rest_route=\/wp\/v2\/posts\/10093","targetHints":{"allow":["GET"]}}],"collection":[{"href":"https:\/\/mycor.iam.inrae.fr\/ARBRE\/index.php?rest_route=\/wp\/v2\/posts"}],"about":[{"href":"https:\/\/mycor.iam.inrae.fr\/ARBRE\/index.php?rest_route=\/wp\/v2\/types\/post"}],"author":[{"embeddable":true,"href":"https:\/\/mycor.iam.inrae.fr\/ARBRE\/index.php?rest_route=\/wp\/v2\/users\/4"}],"replies":[{"embeddable":true,"href":"https:\/\/mycor.iam.inrae.fr\/ARBRE\/index.php?rest_route=%2Fwp%2Fv2%2Fcomments&post=10093"}],"version-history":[{"count":0,"href":"https:\/\/mycor.iam.inrae.fr\/ARBRE\/index.php?rest_route=\/wp\/v2\/posts\/10093\/revisions"}],"wp:attachment":[{"href":"https:\/\/mycor.iam.inrae.fr\/ARBRE\/index.php?rest_route=%2Fwp%2Fv2%2Fmedia&parent=10093"}],"wp:term":[{"taxonomy":"category","embeddable":true,"href":"https:\/\/mycor.iam.inrae.fr\/ARBRE\/index.php?rest_route=%2Fwp%2Fv2%2Fcategories&post=10093"},{"taxonomy":"post_tag","embeddable":true,"href":"https:\/\/mycor.iam.inrae.fr\/ARBRE\/index.php?rest_route=%2Fwp%2Fv2%2Ftags&post=10093"}],"curies":[{"name":"wp","href":"https:\/\/api.w.org\/{rel}","templated":true}]}}