{"id":10138,"date":"2016-09-23T11:41:10","date_gmt":"2016-09-23T11:41:10","guid":{"rendered":"https:\/\/mycor.iam.inrae.fr\/ARBRE\/?p=10138"},"modified":"2016-12-23T17:33:31","modified_gmt":"2016-12-23T17:33:31","slug":"arbre-conference-christine-farcy-2","status":"publish","type":"post","link":"https:\/\/mycor.iam.inrae.fr\/ARBRE\/?p=10138","title":{"rendered":"ARBRE Conf\u00e9rence \u2014 Christine Farcy"},"content":{"rendered":"<p><a href=\"https:\/\/mycor.iam.inrae.fr\/ARBRE\/wp-content\/uploads\/2016\/09\/banner-farcy-fr.jpg\"><img loading=\"lazy\" decoding=\"async\" class=\"size-full wp-image-10139 alignleft\" src=\"https:\/\/mycor.iam.inrae.fr\/ARBRE\/wp-content\/uploads\/2016\/09\/banner-farcy-fr.jpg\" alt=\"banner farcy fr\" width=\"583\" height=\"314\" srcset=\"https:\/\/mycor.iam.inrae.fr\/ARBRE\/wp-content\/uploads\/2016\/09\/banner-farcy-fr.jpg 583w, https:\/\/mycor.iam.inrae.fr\/ARBRE\/wp-content\/uploads\/2016\/09\/banner-farcy-fr-300x162.jpg 300w, https:\/\/mycor.iam.inrae.fr\/ARBRE\/wp-content\/uploads\/2016\/09\/banner-farcy-fr-500x269.jpg 500w\" sizes=\"auto, (max-width: 583px) 100vw, 583px\" \/><\/a><\/p>\n<p><strong>\u00ab\u00a0Les repr\u00e9sentations sociales de la for\u00eat\u00a0: paradoxes et d\u00e9fis\u00a0\u00bb<\/strong><\/p>\n<p>Christine Farcy \u2014 Chercheur et charg\u00e9e de cours invit\u00e9e \u00e0 l\u2019Universit\u00e9 de Louvain (Louvain-la-Neuve, Belgique)<\/p>\n<p>Les repr\u00e9sentations sociales sont des ensembles organis\u00e9s d\u2019informations, d\u2019opinions, d\u2019attitudes et de croyances \u00e0 propos d\u2019un objet donn\u00e9, en l\u2019occurrence la for\u00eat, constituant un savoir de sens commun partag\u00e9 par les membres d\u2019une soci\u00e9t\u00e9. Elles sont constitu\u00e9es \u00e0\u00a0partir d\u2019exp\u00e9riences v\u00e9cues mais aussi de savoirs et mod\u00e8les de pens\u00e9e re\u00e7us et transmis par la tradition, l\u2019\u00e9ducation et la communication sociale. Barom\u00e8tres des perceptions des soci\u00e9t\u00e9s, elles constituent un outil particuli\u00e8rement int\u00e9ressant dans des situations de mutations soci\u00e9tales comme celle qui est actuellement en cours et qui voit la foresterie soumise \u00e0 de puissants moteurs de changement (urbanisation, tertiarisation et globalisation). Apr\u00e8s un rappel des conditions et processus impliqu\u00e9s dans l&rsquo;\u00e9mergence des repr\u00e9sentations sociales, nous pr\u00e9senterons les r\u00e9sultats d\u2019\u00e9tudes r\u00e9centes, analyserons les paradoxes mis en lumi\u00e8re et discuterons des d\u00e9fis pos\u00e9s au forestier et plus globalement \u00e0 la foresterie.<\/p>\n<p><span style=\"color: #ff6600;\"><strong>Rendez-vous le 30 septembre \u00e0 13h30 en salle de conf\u00e9rence du site Inra de Champenoux<\/strong><\/span><\/p>\n","protected":false},"excerpt":{"rendered":"<p>\u00ab\u00a0Les repr\u00e9sentations sociales de la for\u00eat\u00a0: paradoxes et d\u00e9fis\u00a0\u00bb Christine Farcy \u2014 Chercheur et charg\u00e9e de cours invit\u00e9e \u00e0 l\u2019Universit\u00e9 de Louvain (Louvain-la-Neuve, Belgique) Les repr\u00e9sentations sociales sont des ensembles organis\u00e9s d\u2019informations, d\u2019opinions, d\u2019attitudes et de croyances \u00e0 propos d\u2019un &hellip; <a href=\"https:\/\/mycor.iam.inrae.fr\/ARBRE\/?p=10138\">Continuer la lecture <span class=\"meta-nav\">&rarr;<\/span><\/a><\/p>\n","protected":false},"author":4,"featured_media":0,"comment_status":"closed","ping_status":"closed","sticky":false,"template":"","format":"standard","meta":{"footnotes":""},"categories":[35],"tags":[],"class_list":["post-10138","post","type-post","status-publish","format-standard","hentry","category-conferences"],"_links":{"self":[{"href":"https:\/\/mycor.iam.inrae.fr\/ARBRE\/index.php?rest_route=\/wp\/v2\/posts\/10138","targetHints":{"allow":["GET"]}}],"collection":[{"href":"https:\/\/mycor.iam.inrae.fr\/ARBRE\/index.php?rest_route=\/wp\/v2\/posts"}],"about":[{"href":"https:\/\/mycor.iam.inrae.fr\/ARBRE\/index.php?rest_route=\/wp\/v2\/types\/post"}],"author":[{"embeddable":true,"href":"https:\/\/mycor.iam.inrae.fr\/ARBRE\/index.php?rest_route=\/wp\/v2\/users\/4"}],"replies":[{"embeddable":true,"href":"https:\/\/mycor.iam.inrae.fr\/ARBRE\/index.php?rest_route=%2Fwp%2Fv2%2Fcomments&post=10138"}],"version-history":[{"count":0,"href":"https:\/\/mycor.iam.inrae.fr\/ARBRE\/index.php?rest_route=\/wp\/v2\/posts\/10138\/revisions"}],"wp:attachment":[{"href":"https:\/\/mycor.iam.inrae.fr\/ARBRE\/index.php?rest_route=%2Fwp%2Fv2%2Fmedia&parent=10138"}],"wp:term":[{"taxonomy":"category","embeddable":true,"href":"https:\/\/mycor.iam.inrae.fr\/ARBRE\/index.php?rest_route=%2Fwp%2Fv2%2Fcategories&post=10138"},{"taxonomy":"post_tag","embeddable":true,"href":"https:\/\/mycor.iam.inrae.fr\/ARBRE\/index.php?rest_route=%2Fwp%2Fv2%2Ftags&post=10138"}],"curies":[{"name":"wp","href":"https:\/\/api.w.org\/{rel}","templated":true}]}}