{"id":10177,"date":"2016-09-26T15:08:17","date_gmt":"2016-09-26T15:08:17","guid":{"rendered":"https:\/\/mycor.iam.inrae.fr\/ARBRE\/?p=10177"},"modified":"2016-12-23T17:33:04","modified_gmt":"2016-12-23T17:33:04","slug":"ciag-une-bioeconomique-basee-sur-la-foret-et-le-bois","status":"publish","type":"post","link":"https:\/\/mycor.iam.inrae.fr\/ARBRE\/?p=10177","title":{"rendered":"CIAG \u2014 Une bio\u00e9conomique bas\u00e9e sur la for\u00eat et le bois?"},"content":{"rendered":"<p><a href=\"https:\/\/mycor.iam.inrae.fr\/ARBRE\/wp-content\/uploads\/2016\/09\/Screenshot-2016-09-26-16.37.43.png\"><img loading=\"lazy\" decoding=\"async\" class=\"alignright size-full wp-image-10180\" src=\"https:\/\/mycor.iam.inrae.fr\/ARBRE\/wp-content\/uploads\/2016\/09\/Screenshot-2016-09-26-16.37.43.png\" alt=\"Screenshot 2016-09-26 16.37.43\" width=\"1264\" height=\"625\" srcset=\"https:\/\/mycor.iam.inrae.fr\/ARBRE\/wp-content\/uploads\/2016\/09\/Screenshot-2016-09-26-16.37.43.png 1264w, https:\/\/mycor.iam.inrae.fr\/ARBRE\/wp-content\/uploads\/2016\/09\/Screenshot-2016-09-26-16.37.43-300x148.png 300w, https:\/\/mycor.iam.inrae.fr\/ARBRE\/wp-content\/uploads\/2016\/09\/Screenshot-2016-09-26-16.37.43-768x380.png 768w, https:\/\/mycor.iam.inrae.fr\/ARBRE\/wp-content\/uploads\/2016\/09\/Screenshot-2016-09-26-16.37.43-1024x506.png 1024w, https:\/\/mycor.iam.inrae.fr\/ARBRE\/wp-content\/uploads\/2016\/09\/Screenshot-2016-09-26-16.37.43-800x396.png 800w, https:\/\/mycor.iam.inrae.fr\/ARBRE\/wp-content\/uploads\/2016\/09\/Screenshot-2016-09-26-16.37.43-500x247.png 500w\" sizes=\"auto, (max-width: 1264px) 100vw, 1264px\" \/><\/a>________________________________________________________<\/p>\n<p style=\"padding-left: 30px;\"><strong><span style=\"color: #ff6600;\">Jeudi 8 d\u00e9cembre 2016<br \/>\nFacult\u00e9 des Sciences et Technologies<br \/>\nVandoeuvre-l\u00e8s-Nancy<br \/>\nAmphith\u00e9atre 8<\/span><\/strong><\/p>\n<p>L&rsquo;Inra organise le 8 d\u00e9cembre 2016, \u00e0 la Facult\u00e9 des Sciences de Vandoeuvre-l\u00e8s-Nancy, un Carrefour de l&rsquo;Innovation Agronomique d\u00e9di\u00e9 \u00e0 l&rsquo;\u00e9mergence d&rsquo;une bio\u00e9conomie bas\u00e9 sur la for\u00eat et le bois. Ce CIAg associe \u00e9galement AgroParisTech Nancy et l&rsquo;Universit\u00e9 de Lorraine, dans le cadre du LabEx ARBRE. Alors que la France est le premier pays europ\u00e9en en termes de production de bois (en valeur) sa balance commerciale reste en d\u00e9ficit chronique depuis des d\u00e9cennies (actuellement environ 6 Milliards d&rsquo;euros par an). Dans ce contexte, le rapport plan Recherche Innovation 2025 pour la Fili\u00e8re For\u00eat Bois propose de nouvelles pistes novatrices, qui prennent en compte non seulement les nouveaux usages du bois, la place des services \u00e9cosystemiques, mais \u00e9galement de nouvelles mani\u00e8res d&rsquo;envisager les relations recherche-innovation dans ce secteur.<\/p>\n<p>En particulier, les concepts d\u00e9velopp\u00e9s autour de la bio\u00e9conomie, impliquant l&rsquo;\u00e9conomie circulaire, et la valorisation en cascade des produits, sous-produits et des interactions non lin\u00e9aires entre acteurs de a fili\u00e8re, offrent un cadre d&rsquo;analyse renouvel\u00e9 pour la fili\u00e8re. Le CIAg aura pour objectif de revisiter et d&rsquo;illustrer les questions d&rsquo;innovation li\u00e9es \u00e0 la gestion des ressources foresti\u00e8res et aux usages du bois.<\/p>\n<p>Les inscriptions (gratuites) seront ouvertes courant Octobre.<br \/>\n<a href=\"https:\/\/intranet.nancy.inra.fr\/Actualites\/Programme-provisoire\"><em><strong><span style=\"color: #ff6600;\">Pour plus d&rsquo;infos..<\/span><\/strong><\/em><\/a><\/p>\n","protected":false},"excerpt":{"rendered":"<p>________________________________________________________ Jeudi 8 d\u00e9cembre 2016 Facult\u00e9 des Sciences et Technologies Vandoeuvre-l\u00e8s-Nancy Amphith\u00e9atre 8 L&rsquo;Inra organise le 8 d\u00e9cembre 2016, \u00e0 la Facult\u00e9 des Sciences de Vandoeuvre-l\u00e8s-Nancy, un Carrefour de l&rsquo;Innovation Agronomique d\u00e9di\u00e9 \u00e0 l&rsquo;\u00e9mergence d&rsquo;une bio\u00e9conomie bas\u00e9 sur la for\u00eat &hellip; <a href=\"https:\/\/mycor.iam.inrae.fr\/ARBRE\/?p=10177\">Continuer la lecture <span class=\"meta-nav\">&rarr;<\/span><\/a><\/p>\n","protected":false},"author":4,"featured_media":0,"comment_status":"closed","ping_status":"closed","sticky":false,"template":"","format":"standard","meta":{"footnotes":""},"categories":[35,4,6,32],"tags":[],"class_list":["post-10177","post","type-post","status-publish","format-standard","hentry","category-conferences","category-evenements","category-reunions","category-seminaires"],"_links":{"self":[{"href":"https:\/\/mycor.iam.inrae.fr\/ARBRE\/index.php?rest_route=\/wp\/v2\/posts\/10177","targetHints":{"allow":["GET"]}}],"collection":[{"href":"https:\/\/mycor.iam.inrae.fr\/ARBRE\/index.php?rest_route=\/wp\/v2\/posts"}],"about":[{"href":"https:\/\/mycor.iam.inrae.fr\/ARBRE\/index.php?rest_route=\/wp\/v2\/types\/post"}],"author":[{"embeddable":true,"href":"https:\/\/mycor.iam.inrae.fr\/ARBRE\/index.php?rest_route=\/wp\/v2\/users\/4"}],"replies":[{"embeddable":true,"href":"https:\/\/mycor.iam.inrae.fr\/ARBRE\/index.php?rest_route=%2Fwp%2Fv2%2Fcomments&post=10177"}],"version-history":[{"count":0,"href":"https:\/\/mycor.iam.inrae.fr\/ARBRE\/index.php?rest_route=\/wp\/v2\/posts\/10177\/revisions"}],"wp:attachment":[{"href":"https:\/\/mycor.iam.inrae.fr\/ARBRE\/index.php?rest_route=%2Fwp%2Fv2%2Fmedia&parent=10177"}],"wp:term":[{"taxonomy":"category","embeddable":true,"href":"https:\/\/mycor.iam.inrae.fr\/ARBRE\/index.php?rest_route=%2Fwp%2Fv2%2Fcategories&post=10177"},{"taxonomy":"post_tag","embeddable":true,"href":"https:\/\/mycor.iam.inrae.fr\/ARBRE\/index.php?rest_route=%2Fwp%2Fv2%2Ftags&post=10177"}],"curies":[{"name":"wp","href":"https:\/\/api.w.org\/{rel}","templated":true}]}}