{"id":10279,"date":"2017-02-08T14:39:42","date_gmt":"2017-02-08T14:39:42","guid":{"rendered":"https:\/\/mycor.iam.inrae.fr\/ARBRE\/?p=10279"},"modified":"2017-02-23T12:53:05","modified_gmt":"2017-02-23T12:53:05","slug":"conference-de-dr-michiel-vos","status":"publish","type":"post","link":"https:\/\/mycor.iam.inrae.fr\/ARBRE\/?p=10279","title":{"rendered":"S\u00e9minaire de Michiel VOS"},"content":{"rendered":"<div id=\"outer-wrap\" class=\"outer-wrap\">\n<div id=\"inner-wrap\" class=\"inner-wrap\">\n<div id=\"content\" class=\"clearfix\">\n<article id=\"post-1738\">\n<div class=\"page--two-col\">\n<aside class=\"d9-d12 t6-t8 m-all\">\n<figure class=\"media media__image media__image--person\"><img loading=\"lazy\" decoding=\"async\" class=\"attachment-400x330 wp-post-image alignleft\" src=\"http:\/\/www.ecehh.org\/wp-content\/uploads\/2013\/08\/Michiel-Vos-400x330.jpg\" alt=\"Michiel Vos profile picture\" width=\"119\" height=\"101\" \/><\/figure>\n<\/aside>\n<\/div>\n<\/article>\n<\/div>\n<\/div>\n<\/div>\n<p style=\"text-align: center;\"><strong><!-- Gridset CSS --> <!-- [if (!IE) | (gt IE 9)]><!--><!--<![endif]--> <!-- [if IE 9]> \t \t \t \t \t \t<link rel=\"stylesheet\" href=\"http:\/\/www.ecehh.org\/wp-content\/themes\/ecehh\/assets\/css\/gridset\/gridset-ie-9.css\" \/><![endif]--> <!-- [if lte IE 8]> \t \t \t \t \t \t<link rel=\"stylesheet\" href=\"http:\/\/www.ecehh.org\/wp-content\/themes\/ecehh\/assets\/css\/gridset\/gridset-ie-lte8.css\" \/><![endif]--><script src=\"http:\/\/www.google-analytics.com\/ga.js\" async=\"\" type=\"text\/javascript\"><\/script><script src=\"http:\/\/www.ecehh.org\/wp-content\/themes\/ecehh\/assets\/js\/libs\/modernizr.js\" type=\"text\/javascript\"><\/script><!-- This site is optimized with the Yoast WordPress SEO plugin v1.7.4 - https:\/\/yoast.com\/wordpress\/plugins\/seo\/ --> <!-- \/ Yoast WordPress SEO plugin. --><script src=\"\/\/use.typekit.net\/xqo2znn.js\"><\/script><script>\/\/ <![CDATA[\ntry{Typekit.load();}catch(e){}\n\/\/ ]]><\/script><\/strong><\/p>\n<div id=\"outer-wrap\" class=\"outer-wrap\">\n<div id=\"outer-wrap\" class=\"outer-wrap\">\n<div id=\"inner-wrap\" class=\"inner-wrap\">\n<div id=\"content\" class=\"clearfix\">\n<article id=\"post-1738\">\n<div class=\"page--two-col\">\n<aside class=\"d9-d12 t6-t8 m-all\">\n<figure class=\"media media__image media__image--person\"><\/figure>\n<\/aside>\n<\/div>\n<\/article>\n<\/div>\n<\/div>\n<\/div>\n<div id=\"outer-wrap\" class=\"outer-wrap\" style=\"text-align: center;\"><strong>Dr. <a href=\"http:\/\/www.ecehh.org\/people\/dr-michiel-vos\/\" target=\"_blank\">Michiel VOS<\/a><\/strong><\/div>\n<p style=\"text-align: center;\">(Lecturer, European Centre for Environment and Human Health, University of Exeter, UK)<\/p>\n<h1 style=\"text-align: center;\"><strong><span style=\"color: #339966;\"><em><span style=\"color: #000000;\">Dr. Michiel Vos fera une conf\u00e9rence sur le th\u00e8me<\/span> <\/em><\/span><\/strong><\/h1>\n<h1 style=\"text-align: center;\"><strong><span style=\"color: #339966;\"><em>&lsquo;Natural variation in the social bacterium Myxococcus xanthus&rsquo;<\/em> <\/span><\/strong><\/h1>\n<p style=\"text-align: center;\">le <strong><u>Jeudi 9 mars 2017 \u00e0 14h00<\/u> <\/strong>\u00e0 la <strong>Facult\u00e9 des Sciences \u00e0 Nancy &#8211; <\/strong><strong>Amphi 7 <\/strong><\/p>\n<p style=\"text-align: center;\">The soil bacterium <em>Myxococcus xanthus<\/em> is best known for its ability to build multicellular fruiting bodies. This form of social development has been shown to be prone to \u2018cheating\u2019 behaviour by asocial clones. Previous work has mainly been based on laboratory strains. In this talk, I will describe work on the genetic, phenotypic and behavioural diversity of natural populations of this fascinating species.<\/p>\n<p style=\"text-align: center;\"><em>Cette conf\u00e9rence \u00e0 l&rsquo;invitation du laboratoire DynAMic s&rsquo;inscrit dans le cadre du Master BioMANE et est soutenue par le Labex ARBRE<\/em><\/p>\n<\/div>\n","protected":false},"excerpt":{"rendered":"<p>Dr. Michiel VOS (Lecturer, European Centre for Environment and Human Health, University of Exeter, UK) Dr. Michiel Vos fera une conf\u00e9rence sur le th\u00e8me &lsquo;Natural variation in the social bacterium Myxococcus xanthus&rsquo; le Jeudi 9 mars 2017 \u00e0 14h00 \u00e0 &hellip; <a href=\"https:\/\/mycor.iam.inrae.fr\/ARBRE\/?p=10279\">Continuer la lecture <span class=\"meta-nav\">&rarr;<\/span><\/a><\/p>\n","protected":false},"author":1,"featured_media":0,"comment_status":"closed","ping_status":"closed","sticky":false,"template":"","format":"standard","meta":{"footnotes":""},"categories":[35],"tags":[],"class_list":["post-10279","post","type-post","status-publish","format-standard","hentry","category-conferences"],"_links":{"self":[{"href":"https:\/\/mycor.iam.inrae.fr\/ARBRE\/index.php?rest_route=\/wp\/v2\/posts\/10279","targetHints":{"allow":["GET"]}}],"collection":[{"href":"https:\/\/mycor.iam.inrae.fr\/ARBRE\/index.php?rest_route=\/wp\/v2\/posts"}],"about":[{"href":"https:\/\/mycor.iam.inrae.fr\/ARBRE\/index.php?rest_route=\/wp\/v2\/types\/post"}],"author":[{"embeddable":true,"href":"https:\/\/mycor.iam.inrae.fr\/ARBRE\/index.php?rest_route=\/wp\/v2\/users\/1"}],"replies":[{"embeddable":true,"href":"https:\/\/mycor.iam.inrae.fr\/ARBRE\/index.php?rest_route=%2Fwp%2Fv2%2Fcomments&post=10279"}],"version-history":[{"count":0,"href":"https:\/\/mycor.iam.inrae.fr\/ARBRE\/index.php?rest_route=\/wp\/v2\/posts\/10279\/revisions"}],"wp:attachment":[{"href":"https:\/\/mycor.iam.inrae.fr\/ARBRE\/index.php?rest_route=%2Fwp%2Fv2%2Fmedia&parent=10279"}],"wp:term":[{"taxonomy":"category","embeddable":true,"href":"https:\/\/mycor.iam.inrae.fr\/ARBRE\/index.php?rest_route=%2Fwp%2Fv2%2Fcategories&post=10279"},{"taxonomy":"post_tag","embeddable":true,"href":"https:\/\/mycor.iam.inrae.fr\/ARBRE\/index.php?rest_route=%2Fwp%2Fv2%2Ftags&post=10279"}],"curies":[{"name":"wp","href":"https:\/\/api.w.org\/{rel}","templated":true}]}}