{"id":10433,"date":"2017-04-25T07:38:39","date_gmt":"2017-04-25T07:38:39","guid":{"rendered":"https:\/\/mycor.iam.inrae.fr\/ARBRE\/?p=10433"},"modified":"2017-04-25T07:38:39","modified_gmt":"2017-04-25T07:38:39","slug":"reponses-des-perches-de-hetre-a-louverture-de-la-canopee","status":"publish","type":"post","link":"https:\/\/mycor.iam.inrae.fr\/ARBRE\/?p=10433","title":{"rendered":"R\u00e9ponses des perches de h\u00eatre \u00e0 l\u2019ouverture de la canop\u00e9e"},"content":{"rendered":"<p><b>Estelle Noyer <\/b>a \u00a0le plaisir de vous convier \u00e0 la soutenance de sa th\u00e8se intitul\u00e9e: \u00ab\u00a0<b>R\u00e9ponses<b> <\/b>des perches de h\u00eatre (<em>Fagus sylvativa<\/em> L.) \u00e0 l\u2019ouverture de la canop\u00e9e : approche multidisciplinaire et multi-\u00e9chelle.<\/b>\u00a0\u00bb<\/p>\n<p>La soutenance aura lieu le <b>vendredi 12 mai<\/b> \u00e0 <b>9h30<\/b> en <b>Amphith\u00e9\u00e2tre A<\/b> \u00e0 <b>AgroParisTech<\/b> \u00e0 Nancy.<\/p>\n<p><strong>R\u00e9sum\u00e9 <\/strong>:<\/p>\n<p>L\u2019ouverture de la canop\u00e9e pr\u00e9sente des avantages (disponibilit\u00e9 des ressources) mais aussi de nouvelles contraintes (vent, demande \u00e9vaporative, etc.). Souvent \u00e9tudi\u00e9 chez les semis, la dynamique de r\u00e9ponses est peu renseign\u00e9e chez les grands arbres. Cette th\u00e8se vise \u00e0 identifier les dynamiques de r\u00e9ponses \u00e0 l\u2019ouverture de la canop\u00e9e chez des perches de h\u00eatre domin\u00e9es durant de longues p\u00e9riodes. L\u2019approche adopt\u00e9e est multidisciplinaire et multi-\u00e9chelle, bas\u00e9e sur une analyse r\u00e9trospective de la croissance radiale et axiale, d\u2019anatomie et de traits biom\u00e9caniques. Sous couvert, la comp\u00e9tition pour la lumi\u00e8re fait que les perches favorisent la croissance axiale devant la croissance radiale r\u00e9sultant en un \u00e9lancement important. Par ailleurs, un tiers des perches s\u2019affaisse. Apr\u00e8s ouverture, l\u2019\u00e9lancement des perches pr\u00e9sente un risque biom\u00e9canique : 15 sur 36 perches lib\u00e9r\u00e9es ont \u00e9t\u00e9 cass\u00e9es par le vent deux ans apr\u00e8s l\u2019\u00e9claircie. Pour se stabiliser face au vent, la croissance axiale des perches est diminu\u00e9e pendant quatre ans apr\u00e8s l\u2019\u00e9claircie tandis que la croissance radiale augmente et atteint un plateau apr\u00e8s deux ans probablement \u00e0 cause des limitations li\u00e9es \u00e0 la taille et \u00e0 l\u2019acc\u00e8s aux ressources. Les perches ayant une inclinaison initiale sup\u00e9rieure \u00e0 6\u00b0 se redressent apr\u00e8s l\u2019\u00e9claircie. La conductivit\u00e9 hydraulique potentielle du cerne augmente et se stabilise elle aussi apr\u00e8s deux ans. Les dynamiques de r\u00e9ponses sont donc clairement sp\u00e9cifiques du trait \u00e9tudi\u00e9. Par ailleurs, l\u2019approche int\u00e9grative a permis de mettre en \u00e9vidence l\u2019importance de la taille des individus dans les m\u00e9canismes de r\u00e9ponses : tandis que les semis modifient et la croissance et les propri\u00e9t\u00e9s des tissus, les perches se reposent sur l\u2019ajustement de leur g\u00e9om\u00e9trie.<br \/>\n<strong>Mots-cl\u00e9s :<\/strong> <em>Fagus sylvatica<\/em>, croissance, biom\u00e9canique, anatomie, ouverture de la canop\u00e9e, bois.<\/p>\n","protected":false},"excerpt":{"rendered":"<p>Estelle Noyer a \u00a0le plaisir de vous convier \u00e0 la soutenance de sa th\u00e8se intitul\u00e9e: \u00ab\u00a0R\u00e9ponses des perches de h\u00eatre (Fagus sylvativa L.) \u00e0 l\u2019ouverture de la canop\u00e9e : approche multidisciplinaire et multi-\u00e9chelle.\u00a0\u00bb La soutenance aura lieu le vendredi 12 &hellip; <a href=\"https:\/\/mycor.iam.inrae.fr\/ARBRE\/?p=10433\">Continuer la lecture <span class=\"meta-nav\">&rarr;<\/span><\/a><\/p>\n","protected":false},"author":2,"featured_media":0,"comment_status":"closed","ping_status":"closed","sticky":false,"template":"","format":"standard","meta":{"footnotes":""},"categories":[35,4,32],"tags":[],"class_list":["post-10433","post","type-post","status-publish","format-standard","hentry","category-conferences","category-evenements","category-seminaires"],"_links":{"self":[{"href":"https:\/\/mycor.iam.inrae.fr\/ARBRE\/index.php?rest_route=\/wp\/v2\/posts\/10433","targetHints":{"allow":["GET"]}}],"collection":[{"href":"https:\/\/mycor.iam.inrae.fr\/ARBRE\/index.php?rest_route=\/wp\/v2\/posts"}],"about":[{"href":"https:\/\/mycor.iam.inrae.fr\/ARBRE\/index.php?rest_route=\/wp\/v2\/types\/post"}],"author":[{"embeddable":true,"href":"https:\/\/mycor.iam.inrae.fr\/ARBRE\/index.php?rest_route=\/wp\/v2\/users\/2"}],"replies":[{"embeddable":true,"href":"https:\/\/mycor.iam.inrae.fr\/ARBRE\/index.php?rest_route=%2Fwp%2Fv2%2Fcomments&post=10433"}],"version-history":[{"count":0,"href":"https:\/\/mycor.iam.inrae.fr\/ARBRE\/index.php?rest_route=\/wp\/v2\/posts\/10433\/revisions"}],"wp:attachment":[{"href":"https:\/\/mycor.iam.inrae.fr\/ARBRE\/index.php?rest_route=%2Fwp%2Fv2%2Fmedia&parent=10433"}],"wp:term":[{"taxonomy":"category","embeddable":true,"href":"https:\/\/mycor.iam.inrae.fr\/ARBRE\/index.php?rest_route=%2Fwp%2Fv2%2Fcategories&post=10433"},{"taxonomy":"post_tag","embeddable":true,"href":"https:\/\/mycor.iam.inrae.fr\/ARBRE\/index.php?rest_route=%2Fwp%2Fv2%2Ftags&post=10433"}],"curies":[{"name":"wp","href":"https:\/\/api.w.org\/{rel}","templated":true}]}}