{"id":10646,"date":"2017-09-06T07:20:33","date_gmt":"2017-09-06T07:20:33","guid":{"rendered":"https:\/\/mycor.iam.inrae.fr\/ARBRE\/?p=10646"},"modified":"2017-09-06T08:26:55","modified_gmt":"2017-09-06T08:26:55","slug":"seminaire-francoise-martz","status":"publish","type":"post","link":"https:\/\/mycor.iam.inrae.fr\/ARBRE\/?p=10646","title":{"rendered":"S\u00e9minaire &#8211; Fran\u00e7oise Martz"},"content":{"rendered":"<h4 class=\"entry-content\"><strong><img loading=\"lazy\" decoding=\"async\" class=\"wp-image-10648 alignleft\" src=\"https:\/\/mycor.iam.inrae.fr\/ARBRE\/wp-content\/uploads\/2017\/09\/Cartouche_S\u00e9minaire_Fran\u00e7oiseMARTZ_FR.png\" alt=\"Cartouche_S\u00e9minaire_Fran\u00e7oiseMARTZ_FR\" width=\"420\" height=\"89\" \/><\/strong><\/h4>\n<p>&nbsp;<\/p>\n<h4 class=\"entry-content\"><strong>S\u00e9minaire de Dr. <a href=\"https:\/\/www.luke.fi\/en\/personnel\/francoise-martz\/\" target=\"_blank\">Fran\u00e7oise Martz<\/a><\/strong>, <em>Natural Resources Institute Finland \/Luonnonvarakeskus (Luke), Rovaniemi (Finlande), <\/em>intitul\u00e9 :<\/h4>\n<h4 class=\"entry-content\"><span style=\"color: #008000;\"><strong><em>\u201d <\/em><\/strong><strong>Effet des changements climatiques hivernaux sur les plantules d\u2019arbre en for\u00eat bor\u00e9ale<em>\u201c<\/em> <\/strong><\/span><\/h4>\n<h4 class=\"entry-content\">le <strong>jeudi 14 septembre 2017 de 13h00 \u00e0 14h00\u00a0<\/strong> en salle de conf\u00e9rences au Centre INRA Grand Est \u2013 Nancy \u00e0 Champenoux<\/h4>\n<p>&nbsp;<\/p>\n<p><!--more--><\/p>\n<p><span style=\"text-decoration: underline;\"><strong>R\u00e9sum\u00e9 :<\/strong><\/span><\/p>\n<p style=\"text-align: justify;\">Sous des latitudes arctiques, le climat s\u2019est r\u00e9chauff\u00e9 jusqu\u2019\u00e0 pr\u00e9sent deux fois plus vite que la moyenne mondiale, avec la plupart des changements observ\u00e9s en automne, en hiver et au printemps. L&rsquo;augmentation des temp\u00e9ratures hivernales et leur forte fluctuation se traduisent par des \u00e9pisodes pluvieux et des cycles de gel-d\u00e9gel plus fr\u00e9quents en hiver. La r\u00e9duction de la capacit\u00e9 thermique de la couverture neigeuse et la formation de couches de glace dans ou sous la couche de neige (encapsulation du sol dans la glace) sont des facteurs conduisant \u00e0 un refroidissement du sol \u00a0mais aussi \u00e0 l&rsquo;hypoxie et \u00e0 l&rsquo;accumulation sous le manteau neigeux des gaz produits dans\u00a0le sol. Afin de tester l&rsquo;effet d&rsquo;une telle \u00e9volution des conditions d&rsquo;hivernales\u00a0sur les plantules d&rsquo;arbres en for\u00eat bor\u00e9ale, nous avons \u00e9tabli une exp\u00e9rience de manipulation de la neige dans une for\u00eat de conif\u00e8res en Finlande septentrionale avec des plantules d\u2019\u00e9pic\u00e9a et de pin sylvestre. Quatre niveaux de manipulation de la\u00a0neige ont \u00e9t\u00e9 appliqu\u00e9s: conditions ambiantes, encapsulation dans la glace, tassement\u00a0de la couverture neigeuse et absence totale de neige. Les outils de marquage aux isotopes stables (collaboration avec l\u2019INRA) ainsi que l&rsquo;expression de g\u00e8nes cibles ont \u00e9t\u00e9 utilis\u00e9s pour l\u2019exploration des r\u00e9ponses m\u00e9taboliques et mol\u00e9culaires des plantules aux\u00a0diff\u00e9rentes\u00a0conditions hivernales. Apr\u00e8s trois ann\u00e9es cons\u00e9cutives de manipulation de la neige, les r\u00e9sultats ont confirm\u00e9 notre hypoth\u00e8se selon laquelle une d\u00e9gradation de la couverture neigeuse a un effet n\u00e9faste sur la condition et la survie hivernale des plantules des deux esp\u00e8ces.<\/p>\n","protected":false},"excerpt":{"rendered":"<p>&nbsp; S\u00e9minaire de Dr. Fran\u00e7oise Martz, Natural Resources Institute Finland \/Luonnonvarakeskus (Luke), Rovaniemi (Finlande), intitul\u00e9 : \u201d Effet des changements climatiques hivernaux sur les plantules d\u2019arbre en for\u00eat bor\u00e9ale\u201c le jeudi 14 septembre 2017 de 13h00 \u00e0 14h00\u00a0 en salle &hellip; <a href=\"https:\/\/mycor.iam.inrae.fr\/ARBRE\/?p=10646\">Continuer la lecture <span class=\"meta-nav\">&rarr;<\/span><\/a><\/p>\n","protected":false},"author":1,"featured_media":0,"comment_status":"closed","ping_status":"closed","sticky":false,"template":"","format":"standard","meta":{"footnotes":""},"categories":[1],"tags":[],"class_list":["post-10646","post","type-post","status-publish","format-standard","hentry","category-divers"],"_links":{"self":[{"href":"https:\/\/mycor.iam.inrae.fr\/ARBRE\/index.php?rest_route=\/wp\/v2\/posts\/10646","targetHints":{"allow":["GET"]}}],"collection":[{"href":"https:\/\/mycor.iam.inrae.fr\/ARBRE\/index.php?rest_route=\/wp\/v2\/posts"}],"about":[{"href":"https:\/\/mycor.iam.inrae.fr\/ARBRE\/index.php?rest_route=\/wp\/v2\/types\/post"}],"author":[{"embeddable":true,"href":"https:\/\/mycor.iam.inrae.fr\/ARBRE\/index.php?rest_route=\/wp\/v2\/users\/1"}],"replies":[{"embeddable":true,"href":"https:\/\/mycor.iam.inrae.fr\/ARBRE\/index.php?rest_route=%2Fwp%2Fv2%2Fcomments&post=10646"}],"version-history":[{"count":0,"href":"https:\/\/mycor.iam.inrae.fr\/ARBRE\/index.php?rest_route=\/wp\/v2\/posts\/10646\/revisions"}],"wp:attachment":[{"href":"https:\/\/mycor.iam.inrae.fr\/ARBRE\/index.php?rest_route=%2Fwp%2Fv2%2Fmedia&parent=10646"}],"wp:term":[{"taxonomy":"category","embeddable":true,"href":"https:\/\/mycor.iam.inrae.fr\/ARBRE\/index.php?rest_route=%2Fwp%2Fv2%2Fcategories&post=10646"},{"taxonomy":"post_tag","embeddable":true,"href":"https:\/\/mycor.iam.inrae.fr\/ARBRE\/index.php?rest_route=%2Fwp%2Fv2%2Ftags&post=10646"}],"curies":[{"name":"wp","href":"https:\/\/api.w.org\/{rel}","templated":true}]}}