{"id":10748,"date":"2017-10-28T07:11:00","date_gmt":"2017-10-28T07:11:00","guid":{"rendered":"https:\/\/mycor.iam.inrae.fr\/ARBRE\/?p=10748"},"modified":"2017-11-02T07:37:17","modified_gmt":"2017-11-02T07:37:17","slug":"seminaire-martin-hartmann","status":"publish","type":"post","link":"https:\/\/mycor.iam.inrae.fr\/ARBRE\/?p=10748","title":{"rendered":"S\u00e9minaire &#8211; Martin Hartmann"},"content":{"rendered":"<h4 class=\"entry-content\"><strong><img loading=\"lazy\" decoding=\"async\" class=\"alignnone wp-image-10756 \" src=\"https:\/\/mycor.iam.inrae.fr\/ARBRE\/wp-content\/uploads\/2017\/10\/Cartouche-FR-1.png\" width=\"392\" height=\"83\" \/><\/strong><\/h4>\n<h4 class=\"entry-content\"><strong>S\u00e9minaire de Dr. <a href=\"http:\/\/www.microbiome.ch\" target=\"_blank\">Martin Hartmann<\/a><\/strong>, <em>Swiss Federal Research Institute for Forest, Snow and Landscape Research WSL, Birmensdorf (Switzerland)<\/em>, intitul\u00e9 :<\/h4>\n<h4 class=\"entry-content\"><span style=\"color: #008000;\"><strong>\u201d Consequences d\u2019une s\u00e9cheresse \u00e0 long terme sur la structure et le functionnement du microbiote des sols forestiers \u201c <\/strong><\/span><\/h4>\n<h4 class=\"entry-content\">le <strong>jeudi 16 novembre 2017 \u00e0 13h30\u00a0<\/strong> en salle de conf\u00e9rences au Centre INRA Grand Est \u2013 Nancy \u00e0 Champenoux<\/h4>\n<p><!--more--><\/p>\n<p style=\"text-align: justify;\"><span style=\"text-decoration: underline;\"><strong>R\u00e9sum\u00e9<\/strong><\/span><\/p>\n<p style=\"text-align: justify;\">L\u2019impact du changement climatique sur les for\u00eats alt\u00e8re potentiellement les flux de nutriments et d\u2019\u00e9nergie \u00e0 travers les \u00e9cosyst\u00e8mes terrestres. Dans les environnements semi-arides, la disponibilit\u00e9 de l&rsquo;eau est une contrainte majeure sur le cycle biog\u00e9ochimique en raison de la combinaison des fortes temp\u00e9ratures estivales et des faibles pr\u00e9cipitations. En mettant en place une exp\u00e9rience de terrain de changement climatique inverse dans les Alpes d&rsquo;Europe centrale, nous avons \u00e9tudi\u00e9 comment l&rsquo;irrigation \u00e0 long terme d&rsquo;une for\u00eat de pins, affect\u00e9e par la s\u00e9cheresse, peut modifi\u00e9 le microbiome du sol et le fonctionnement de l&rsquo;\u00e9cosyst\u00e8me associ\u00e9. Dix ans d&rsquo;irrigation ont stimul\u00e9 la production primaire, caract\u00e9ris\u00e9e par une hauteur de couvert v\u00e9g\u00e9tal plus \u00e9lev\u00e9e, une augmentation annuelle de biomasses des arbres plus importante, un accroissement de la chute des liti\u00e8res et une plus forte biomasse racinaire. Dans les peuplements forestiers irrigu\u00e9s, l\u2019augmentation d&rsquo;intrants carbon\u00e9s provenant des liti\u00e8res des arbres et des rhizod\u00e9positions stimule l&rsquo;activit\u00e9 microbienne du sol et provoque des changements structurels prononc\u00e9s dans le microbiote, caract\u00e9ris\u00e9 par un passage de mode de vie majoritairement oligotrophique vers un mode copiotrophique. Ces changements de structure sont accompagn\u00e9s de profondes modifications des capacit\u00e9s fonctionnelles du m\u00e9tag\u00e9nome microbien sous-jacent, montrant des \u00ab\u00a0shifts\u00a0\u00bb dans le m\u00e9tabolisme du carbone et de l&rsquo;azote ainsi que dans des processus r\u00e9gulateurs prot\u00e9geant contre les carences. Les groupes microbiens b\u00e9n\u00e9ficiant d&rsquo;une disponibilit\u00e9 accrue des ressources ont prosp\u00e9r\u00e9 sous irrigation, ayant pour effet une optimisation de la min\u00e9ralisation de la mati\u00e8re organique du sol et de la respiration des sources de carbone dans les sols irrigu\u00e9s. Cependant, la perte de carbone du sol sous irrigation, due \u00e0 l&rsquo;augmentation de l&rsquo;activit\u00e9 microbienne, \u00e9tait contrast\u00e9e au regard de d\u2019une production primaire plus \u00e9lev\u00e9e et d\u2019une s\u00e9questration du carbone accrue dans la mesure o\u00f9 ceci est enti\u00e8rement compens\u00e9 par la d\u00e9composition accrue de la mati\u00e8re organique du sol. Sur la base de ces observations, nous avons \u00e9mis l&rsquo;hypoth\u00e8se que la d\u00e9composition de la liti\u00e8re v\u00e9g\u00e9tale &#8211; un processus important pour le renouvellement du carbone dans les \u00e9cosyst\u00e8mes forestiers &#8211; serait diff\u00e9rente entre les sols forestiers touch\u00e9s par la s\u00e9cheresse et irrigu\u00e9s. Cependant, la d\u00e9composition de la n\u00e9cromasse racinaire et la d\u00e9gradation sp\u00e9cifique de la cellulose et de la lignine n&rsquo;\u00e9taient pas diff\u00e9rentes entre les sites, bien que les communaut\u00e9s colonisant la liti\u00e8re soient diff\u00e9rentes et que diff\u00e9rents taxons microbiens soient impliqu\u00e9s dans la d\u00e9gradation de la lignine et de la cellulose, comme cela a pu \u00eatre d\u00e9termin\u00e9 par les approches de marquage isotopique (stable isotope probing &#8211; SIP). Cette \u00e9tude \u00e0 long terme fournit de nouvelles informations sur l&rsquo;impact des changements de pr\u00e9cipitations sur le microbiome tellurique et le fonctionnement de l&rsquo;\u00e9cosyst\u00e8me dans des for\u00eats de pins soumises \u00e0 la s\u00e9cheresse, et am\u00e9liore aussi notre compr\u00e9hension de la persistance des stocks de carbone \u00e0 long terme, dans un contexte de changement climatique.<\/p>\n","protected":false},"excerpt":{"rendered":"<p>S\u00e9minaire de Dr. Martin Hartmann, Swiss Federal Research Institute for Forest, Snow and Landscape Research WSL, Birmensdorf (Switzerland), intitul\u00e9 : \u201d Consequences d\u2019une s\u00e9cheresse \u00e0 long terme sur la structure et le functionnement du microbiote des sols forestiers \u201c le &hellip; <a href=\"https:\/\/mycor.iam.inrae.fr\/ARBRE\/?p=10748\">Continuer la lecture <span class=\"meta-nav\">&rarr;<\/span><\/a><\/p>\n","protected":false},"author":1,"featured_media":0,"comment_status":"closed","ping_status":"closed","sticky":false,"template":"","format":"standard","meta":{"footnotes":""},"categories":[1],"tags":[],"class_list":["post-10748","post","type-post","status-publish","format-standard","hentry","category-divers"],"_links":{"self":[{"href":"https:\/\/mycor.iam.inrae.fr\/ARBRE\/index.php?rest_route=\/wp\/v2\/posts\/10748","targetHints":{"allow":["GET"]}}],"collection":[{"href":"https:\/\/mycor.iam.inrae.fr\/ARBRE\/index.php?rest_route=\/wp\/v2\/posts"}],"about":[{"href":"https:\/\/mycor.iam.inrae.fr\/ARBRE\/index.php?rest_route=\/wp\/v2\/types\/post"}],"author":[{"embeddable":true,"href":"https:\/\/mycor.iam.inrae.fr\/ARBRE\/index.php?rest_route=\/wp\/v2\/users\/1"}],"replies":[{"embeddable":true,"href":"https:\/\/mycor.iam.inrae.fr\/ARBRE\/index.php?rest_route=%2Fwp%2Fv2%2Fcomments&post=10748"}],"version-history":[{"count":0,"href":"https:\/\/mycor.iam.inrae.fr\/ARBRE\/index.php?rest_route=\/wp\/v2\/posts\/10748\/revisions"}],"wp:attachment":[{"href":"https:\/\/mycor.iam.inrae.fr\/ARBRE\/index.php?rest_route=%2Fwp%2Fv2%2Fmedia&parent=10748"}],"wp:term":[{"taxonomy":"category","embeddable":true,"href":"https:\/\/mycor.iam.inrae.fr\/ARBRE\/index.php?rest_route=%2Fwp%2Fv2%2Fcategories&post=10748"},{"taxonomy":"post_tag","embeddable":true,"href":"https:\/\/mycor.iam.inrae.fr\/ARBRE\/index.php?rest_route=%2Fwp%2Fv2%2Ftags&post=10748"}],"curies":[{"name":"wp","href":"https:\/\/api.w.org\/{rel}","templated":true}]}}