{"id":10791,"date":"2017-12-13T16:13:36","date_gmt":"2017-12-13T16:13:36","guid":{"rendered":"https:\/\/mycor.iam.inrae.fr\/ARBRE\/?p=10791"},"modified":"2018-01-12T10:01:12","modified_gmt":"2018-01-12T10:01:12","slug":"colloque-annuel","status":"publish","type":"post","link":"https:\/\/mycor.iam.inrae.fr\/ARBRE\/?p=10791","title":{"rendered":"S\u00e9minaire Bilan et Prospective du LabEx ARBRE"},"content":{"rendered":"<p><strong> <img loading=\"lazy\" decoding=\"async\" class=\"alignnone size-full wp-image-10715\" src=\"https:\/\/mycor.iam.inrae.fr\/ARBRE\/wp-content\/uploads\/2017\/09\/ColloqueSem-ARBRE-2017-FR.jpg\" alt=\"Colloque&amp;Sem ARBRE 2017 FR\" width=\"1079\" height=\"196\" srcset=\"https:\/\/mycor.iam.inrae.fr\/ARBRE\/wp-content\/uploads\/2017\/09\/ColloqueSem-ARBRE-2017-FR.jpg 1079w, https:\/\/mycor.iam.inrae.fr\/ARBRE\/wp-content\/uploads\/2017\/09\/ColloqueSem-ARBRE-2017-FR-300x54.jpg 300w, https:\/\/mycor.iam.inrae.fr\/ARBRE\/wp-content\/uploads\/2017\/09\/ColloqueSem-ARBRE-2017-FR-768x140.jpg 768w, https:\/\/mycor.iam.inrae.fr\/ARBRE\/wp-content\/uploads\/2017\/09\/ColloqueSem-ARBRE-2017-FR-1024x186.jpg 1024w, https:\/\/mycor.iam.inrae.fr\/ARBRE\/wp-content\/uploads\/2017\/09\/ColloqueSem-ARBRE-2017-FR-800x145.jpg 800w, https:\/\/mycor.iam.inrae.fr\/ARBRE\/wp-content\/uploads\/2017\/09\/ColloqueSem-ARBRE-2017-FR-500x91.jpg 500w\" sizes=\"auto, (max-width: 1079px) 100vw, 1079px\" \/><\/strong><\/p>\n<p><strong>Mercredi 13 d\u00e9cembre 2017 : <a href=\"https:\/\/mycor.iam.inrae.fr\/ARBRE\/wp-content\/uploads\/2017\/12\/PROGRAMME_Colloque-annuel-2017_vF.pdf\" class=\"mtli_attachment mtli_pdf\" target=\"_blank\"><span style=\"color: #008000;\">Colloque Annuel du LabEx ARBRE<\/span><\/a><\/strong><br \/>\n<strong>Jeudi 14 d\u00e9cembre 2017 : <a href=\"https:\/\/mycor.iam.inrae.fr\/ARBRE\/wp-content\/uploads\/2017\/12\/PROGRAMME_Se\u0301minaire-prospectif-2017_-vF.pdf\" class=\"mtli_attachment mtli_pdf\"><span style=\"color: #008000;\">S\u00e9minaire de r\u00e9flexion prospective ARBRE 2<\/span><\/a><\/strong><\/p>\n<p><strong>9h00 &#8211; 17h00 <\/strong><em>Salle de conf\u00e9rences, Centre INRA Grand Est &#8211; Nancy \u00e0 Champenoux<\/em><\/p>\n<p><!--more--><\/p>\n<p style=\"text-align: justify;\">Du 12 au 14 d\u00e9cembre prochain, le Laboratoire d\u2019Excellence ARBRE organise trois \u00e9v\u00e8nements afin de faire le bilan des recherches men\u00e9es dans les \u00e9quipes du consortium et r\u00e9fl\u00e9chir au futur projet ARBRE2 (2020-2025). A l\u2019initiative des doctorants et post-doctorants du LabEx, une journ\u00e9e de\u00a0rencontre r\u00e9unira les jeunes chercheurs pour une s\u00e9rie d\u2019ateliers afin d\u2019\u00e9changer sur les diff\u00e9rentes th\u00e9matiques de recherche transdisciplinaires\u00a0conduites dans ARBRE. Le 13 d\u00e9cembre se tiendra le colloque annuel du LabEx. Ouverte \u00e0 tous, cette journ\u00e9e de\u00a0conf\u00e9rences permettra de pr\u00e9senter les travaux de recherche men\u00e9s dans le cadre du LabEx autour de trois sessions : \u201cComment adapter les for\u00eats au changement climatique ?\u201c, \u201cD\u00e9velopper les usages du bois et les nouveaux usages dans une perspective bio\u00e9conomique\u201c et \u201cD\u00e9velopper la formation et renforcer les liens avec la soci\u00e9t\u00e9\u201c. Enfin, Jean-Luc Peyron, Directeur du GIP ECOFOR, nous pr\u00e9sentera le\u00a0Programme National de la For\u00eat et du Bois et Plan recherche &amp; innovation 2025 pour la fili\u00e8re for\u00eat-bois. Enfin, le 14 d\u00e9cembre, une s\u00e9rie d\u2019ateliers de r\u00e9flexion prospective permettra d\u2019identifier les priorit\u00e9s du futur LabEx ARBRE2 dans le domaine de la recherche, de l\u2019innovation et de la formation et son insertion dans l\u2019iSITE Lorraine Universit\u00e9 d\u2019Excellence.<\/p>\n","protected":false},"excerpt":{"rendered":"<p>Mercredi 13 d\u00e9cembre 2017 : Colloque Annuel du LabEx ARBRE Jeudi 14 d\u00e9cembre 2017 : S\u00e9minaire de r\u00e9flexion prospective ARBRE 2 9h00 &#8211; 17h00 Salle de conf\u00e9rences, Centre INRA Grand Est &#8211; Nancy \u00e0 Champenoux<\/p>\n","protected":false},"author":1,"featured_media":0,"comment_status":"closed","ping_status":"closed","sticky":false,"template":"","format":"standard","meta":{"footnotes":""},"categories":[1],"tags":[],"class_list":["post-10791","post","type-post","status-publish","format-standard","hentry","category-divers"],"_links":{"self":[{"href":"https:\/\/mycor.iam.inrae.fr\/ARBRE\/index.php?rest_route=\/wp\/v2\/posts\/10791","targetHints":{"allow":["GET"]}}],"collection":[{"href":"https:\/\/mycor.iam.inrae.fr\/ARBRE\/index.php?rest_route=\/wp\/v2\/posts"}],"about":[{"href":"https:\/\/mycor.iam.inrae.fr\/ARBRE\/index.php?rest_route=\/wp\/v2\/types\/post"}],"author":[{"embeddable":true,"href":"https:\/\/mycor.iam.inrae.fr\/ARBRE\/index.php?rest_route=\/wp\/v2\/users\/1"}],"replies":[{"embeddable":true,"href":"https:\/\/mycor.iam.inrae.fr\/ARBRE\/index.php?rest_route=%2Fwp%2Fv2%2Fcomments&post=10791"}],"version-history":[{"count":0,"href":"https:\/\/mycor.iam.inrae.fr\/ARBRE\/index.php?rest_route=\/wp\/v2\/posts\/10791\/revisions"}],"wp:attachment":[{"href":"https:\/\/mycor.iam.inrae.fr\/ARBRE\/index.php?rest_route=%2Fwp%2Fv2%2Fmedia&parent=10791"}],"wp:term":[{"taxonomy":"category","embeddable":true,"href":"https:\/\/mycor.iam.inrae.fr\/ARBRE\/index.php?rest_route=%2Fwp%2Fv2%2Fcategories&post=10791"},{"taxonomy":"post_tag","embeddable":true,"href":"https:\/\/mycor.iam.inrae.fr\/ARBRE\/index.php?rest_route=%2Fwp%2Fv2%2Ftags&post=10791"}],"curies":[{"name":"wp","href":"https:\/\/api.w.org\/{rel}","templated":true}]}}