{"id":10802,"date":"2017-12-18T07:59:54","date_gmt":"2017-12-18T07:59:54","guid":{"rendered":"https:\/\/mycor.iam.inrae.fr\/ARBRE\/?p=10802"},"modified":"2017-12-19T19:26:06","modified_gmt":"2017-12-19T19:26:06","slug":"soutenance-de-these","status":"publish","type":"post","link":"https:\/\/mycor.iam.inrae.fr\/ARBRE\/?p=10802","title":{"rendered":"Soutenance de th\u00e8se"},"content":{"rendered":"<p><img loading=\"lazy\" decoding=\"async\" class=\"alignnone wp-image-10803\" src=\"https:\/\/mycor.iam.inrae.fr\/ARBRE\/wp-content\/uploads\/2017\/12\/Bandeau-Yoran-Bornot.png\" alt=\"Bandeau Yoran Bornot\" width=\"401\" height=\"100\" \/><\/p>\n<p><strong>Soutenance de Th\u00e8se de Yoran BORNOT<\/strong>,\u00a0<em>\u00c9cologie et \u00c9cophysiologie Foresti\u00e8res <\/em>(<em>EEF) <\/em>:<br \/>\n<a href=\"https:\/\/mycor.iam.inrae.fr\/ARBRE\/wp-content\/uploads\/2017\/12\/Invitation-th\u00e8se_Yoran-BORNOT.pdf\" class=\"mtli_attachment mtli_pdf\" target=\"_blank\"><span style=\"color: #008000;\"><strong>\u201d Peut-on changer les trajectoires de croissance du ch\u00eane sessile et du sapin de Douglas suite \u00e0 une s\u00e9cheresse en modulant la fertilit\u00e9 du sol ? \u201c <\/strong><\/span><\/a><br \/>\nle <strong>vendredi 22 d\u00e9cembre 2017 \u00e0 9h<\/strong> \u00e0 la Facult\u00e9 des Sciences et Technologies \u00e0 Vand\u0153uvre-l\u00e8s-Nancy &#8211; Amphi 7<\/p>\n<p>&nbsp;<\/p>\n","protected":false},"excerpt":{"rendered":"<p>Soutenance de Th\u00e8se de Yoran BORNOT,\u00a0\u00c9cologie et \u00c9cophysiologie Foresti\u00e8res (EEF) : \u201d Peut-on changer les trajectoires de croissance du ch\u00eane sessile et du sapin de Douglas suite \u00e0 une s\u00e9cheresse en modulant la fertilit\u00e9 du sol ? \u201c le vendredi &hellip; <a href=\"https:\/\/mycor.iam.inrae.fr\/ARBRE\/?p=10802\">Continuer la lecture <span class=\"meta-nav\">&rarr;<\/span><\/a><\/p>\n","protected":false},"author":1,"featured_media":0,"comment_status":"closed","ping_status":"closed","sticky":false,"template":"","format":"standard","meta":{"footnotes":""},"categories":[1],"tags":[],"class_list":["post-10802","post","type-post","status-publish","format-standard","hentry","category-divers"],"_links":{"self":[{"href":"https:\/\/mycor.iam.inrae.fr\/ARBRE\/index.php?rest_route=\/wp\/v2\/posts\/10802","targetHints":{"allow":["GET"]}}],"collection":[{"href":"https:\/\/mycor.iam.inrae.fr\/ARBRE\/index.php?rest_route=\/wp\/v2\/posts"}],"about":[{"href":"https:\/\/mycor.iam.inrae.fr\/ARBRE\/index.php?rest_route=\/wp\/v2\/types\/post"}],"author":[{"embeddable":true,"href":"https:\/\/mycor.iam.inrae.fr\/ARBRE\/index.php?rest_route=\/wp\/v2\/users\/1"}],"replies":[{"embeddable":true,"href":"https:\/\/mycor.iam.inrae.fr\/ARBRE\/index.php?rest_route=%2Fwp%2Fv2%2Fcomments&post=10802"}],"version-history":[{"count":0,"href":"https:\/\/mycor.iam.inrae.fr\/ARBRE\/index.php?rest_route=\/wp\/v2\/posts\/10802\/revisions"}],"wp:attachment":[{"href":"https:\/\/mycor.iam.inrae.fr\/ARBRE\/index.php?rest_route=%2Fwp%2Fv2%2Fmedia&parent=10802"}],"wp:term":[{"taxonomy":"category","embeddable":true,"href":"https:\/\/mycor.iam.inrae.fr\/ARBRE\/index.php?rest_route=%2Fwp%2Fv2%2Fcategories&post=10802"},{"taxonomy":"post_tag","embeddable":true,"href":"https:\/\/mycor.iam.inrae.fr\/ARBRE\/index.php?rest_route=%2Fwp%2Fv2%2Ftags&post=10802"}],"curies":[{"name":"wp","href":"https:\/\/api.w.org\/{rel}","templated":true}]}}