{"id":10835,"date":"2018-01-17T07:06:33","date_gmt":"2018-01-17T07:06:33","guid":{"rendered":"https:\/\/mycor.iam.inrae.fr\/ARBRE\/?p=10835"},"modified":"2018-01-17T07:17:36","modified_gmt":"2018-01-17T07:17:36","slug":"programme-citique","status":"publish","type":"post","link":"https:\/\/mycor.iam.inrae.fr\/ARBRE\/?p=10835","title":{"rendered":"Programme CiTIQUE"},"content":{"rendered":"<p><img loading=\"lazy\" decoding=\"async\" class=\"wp-image-10836 alignleft\" src=\"https:\/\/mycor.iam.inrae.fr\/ARBRE\/wp-content\/uploads\/2018\/01\/Citique-film.jpg\" alt=\"Citique film\" width=\"193\" height=\"126\" \/><strong><span style=\"color: #008000;\">CiTIQUE : des recherches collaboratives pour mieux conna\u00eetre les tiques et les maladies qu&rsquo;elles transmettent<\/span><\/strong><\/p>\n<div class=\"chapo\">\n<p style=\"text-align: justify;\">Le <strong>programme CiTIQUE<\/strong> offre l\u2019opportunit\u00e9 aux chercheurs et aux citoyens mobilis\u00e9s de travailler ensemble sur un mode collaboratif : une autre fa\u00e7on de faire des sciences participatives pour apporter de nouvelles connaissances sur l\u2019\u00e9cologie des tiques. <span style=\"color: #0000ff;\"><a style=\"color: #0000ff;\" href=\"http:\/\/www.inra.fr\/Grand-public\/Economie-et-societe\/Tous-les-magazines\/Reportage-CiTIQUE\" target=\"_blank\">Un film<\/a><\/span> retrace la mise en place du programme \u00e0 travers le regard et le t\u00e9moignage des chercheurs, citoyens et facilitateurs, qui sont tous trois au c\u0153ur du projet.<\/p>\n<p style=\"text-align: justify;\"><em>Pour plus de renseignements :<a href=\"https:\/\/www.citique.fr\/\" target=\"_blank\"><span style=\"color: #3366ff;\"> site web CiTIQUE <\/span><\/a><\/em><\/p>\n<\/div>\n<p><!--more--><\/p>\n<p style=\"text-align: justify;\">La recherche autour des tiques, ces petits acariens parasites et vecteurs de maladies, ne date pas d\u2019hier. Les premi\u00e8res \u00e9tudes en sant\u00e9 humaine remontent en effet \u00e0 la deuxi\u00e8me moiti\u00e9 du XXe si\u00e8cle. Mais aujourd\u2019hui les tiques sont devenues un v\u00e9ritable probl\u00e8me de sant\u00e9 publique dans le monde, notamment au travers de la maladie de Lyme. Les recherches actuelles peinent \u00e0 apporter de nouvelles connaissances sur l\u2019\u00e9cologie des tiques, pourtant indispensables pour mettre en place une pr\u00e9vention efficace contre cette maladie. O\u00f9 vivent les tiques et dans quels milieux piquent-elles ? Quelles sont les agents infections qu\u2019elles transmettent ? C&rsquo;est \u00e0 ces simples questions que les scientifiques souhaitent r\u00e9pondre mais pour cela, ils ont besoin de s\u2019appuyer sur l\u2019aide des citoyens. Comment ? Pour le savoir, plongez dans l\u2019aventure de CiTIQUE, un programme de recherche collaborative o\u00f9 chercheurs, citoyens et facilitateurs travaillent de concert pour le bien de tous.<\/p>\n","protected":false},"excerpt":{"rendered":"<p>CiTIQUE : des recherches collaboratives pour mieux conna\u00eetre les tiques et les maladies qu&rsquo;elles transmettent Le programme CiTIQUE offre l\u2019opportunit\u00e9 aux chercheurs et aux citoyens mobilis\u00e9s de travailler ensemble sur un mode collaboratif : une autre fa\u00e7on de faire des &hellip; <a href=\"https:\/\/mycor.iam.inrae.fr\/ARBRE\/?p=10835\">Continuer la lecture <span class=\"meta-nav\">&rarr;<\/span><\/a><\/p>\n","protected":false},"author":1,"featured_media":0,"comment_status":"closed","ping_status":"closed","sticky":false,"template":"","format":"standard","meta":{"footnotes":""},"categories":[1],"tags":[],"class_list":["post-10835","post","type-post","status-publish","format-standard","hentry","category-divers"],"_links":{"self":[{"href":"https:\/\/mycor.iam.inrae.fr\/ARBRE\/index.php?rest_route=\/wp\/v2\/posts\/10835","targetHints":{"allow":["GET"]}}],"collection":[{"href":"https:\/\/mycor.iam.inrae.fr\/ARBRE\/index.php?rest_route=\/wp\/v2\/posts"}],"about":[{"href":"https:\/\/mycor.iam.inrae.fr\/ARBRE\/index.php?rest_route=\/wp\/v2\/types\/post"}],"author":[{"embeddable":true,"href":"https:\/\/mycor.iam.inrae.fr\/ARBRE\/index.php?rest_route=\/wp\/v2\/users\/1"}],"replies":[{"embeddable":true,"href":"https:\/\/mycor.iam.inrae.fr\/ARBRE\/index.php?rest_route=%2Fwp%2Fv2%2Fcomments&post=10835"}],"version-history":[{"count":0,"href":"https:\/\/mycor.iam.inrae.fr\/ARBRE\/index.php?rest_route=\/wp\/v2\/posts\/10835\/revisions"}],"wp:attachment":[{"href":"https:\/\/mycor.iam.inrae.fr\/ARBRE\/index.php?rest_route=%2Fwp%2Fv2%2Fmedia&parent=10835"}],"wp:term":[{"taxonomy":"category","embeddable":true,"href":"https:\/\/mycor.iam.inrae.fr\/ARBRE\/index.php?rest_route=%2Fwp%2Fv2%2Fcategories&post=10835"},{"taxonomy":"post_tag","embeddable":true,"href":"https:\/\/mycor.iam.inrae.fr\/ARBRE\/index.php?rest_route=%2Fwp%2Fv2%2Ftags&post=10835"}],"curies":[{"name":"wp","href":"https:\/\/api.w.org\/{rel}","templated":true}]}}