{"id":10902,"date":"2018-02-14T12:55:58","date_gmt":"2018-02-14T12:55:58","guid":{"rendered":"https:\/\/mycor.iam.inrae.fr\/ARBRE\/?p=10902"},"modified":"2018-02-14T12:57:40","modified_gmt":"2018-02-14T12:57:40","slug":"journee-de-restitution-climagri","status":"publish","type":"post","link":"https:\/\/mycor.iam.inrae.fr\/ARBRE\/?p=10902","title":{"rendered":"Journ\u00e9e de restitution \u00ab ClimAgri \u00bb"},"content":{"rendered":"<p><img loading=\"lazy\" decoding=\"async\" class=\"wp-image-10900 alignleft\" src=\"https:\/\/mycor.iam.inrae.fr\/ARBRE\/wp-content\/uploads\/2018\/02\/ClimAgri.png\" alt=\"ClimAgri\" width=\"142\" height=\"75\" \/>La R\u00e9gion Grand Est a \u00e9t\u00e9 s\u00e9lectionn\u00e9e par l\u2019ADEME courant 2017 au titre de l\u2019appel \u00e0 projets national <em>\u00ab\u00a0initiation et mise en \u0153uvre de nouvelles d\u00e9marches et nouveaux diagnostics ClimAgri\u00ae \u00e0 l\u2019\u00e9chelle r\u00e9gionale<\/em>\u00a0\u00bb.<\/p>\n<p>Afin de vous pr\u00e9senter et d\u2019\u00e9changer autour des premiers r\u00e9sultats de la d\u00e9marche r\u00e9gionale \u00ab\u00a0<strong><em>Climagri\u00ae\u00a0: vers une strat\u00e9gie Grand Est en mati\u00e8re d\u2019\u00e9nergie, gaz \u00e0 effet de serre (GES) et qualit\u00e9 de l\u2019air en agriculture, \u00e9levage, viticulture et for\u00eat\u00a0<\/em><\/strong><em>\u00bb,<\/em> une journ\u00e9e d\u00e9di\u00e9e se tiendra le <strong><span style=\"color: #008000;\">mardi 20 f\u00e9vrier 2018<\/span> de 9h30-16h30 <\/strong>au Centre INRA Grand Est-Nancy <em>Salle de conf\u00e9rence.<br \/>\n<\/em><\/p>\n<p>Cette s\u00e9ance est ouverte \u00e0 tous citoyens et professionnels sur inscription avant le 15 f\u00e9vrier\u00a0: <em>laetitia.prevost@grandest.chambagri.fr<\/em><\/p>\n<p><span style=\"color: #3366ff;\"><em>Pour plus de renseignements : <a style=\"color: #3366ff;\" href=\"https:\/\/mycor.iam.inrae.fr\/ARBRE\/wp-content\/uploads\/2018\/02\/programme-journ\u00e9e-du-20022018.pdf\" class=\"mtli_attachment mtli_pdf\" target=\"_blank\">programme d\u00e9taill\u00e9<\/a> et <a style=\"color: #3366ff;\" href=\"https:\/\/mycor.iam.inrae.fr\/ARBRE\/wp-content\/uploads\/2018\/02\/1226-ClimAgri.pdf\" class=\"mtli_attachment mtli_pdf\" target=\"_blank\">fiche de pr\u00e9sentation<\/a> de la d\u00e9marche.<\/em><\/span><\/p>\n","protected":false},"excerpt":{"rendered":"<p>La R\u00e9gion Grand Est a \u00e9t\u00e9 s\u00e9lectionn\u00e9e par l\u2019ADEME courant 2017 au titre de l\u2019appel \u00e0 projets national \u00ab\u00a0initiation et mise en \u0153uvre de nouvelles d\u00e9marches et nouveaux diagnostics ClimAgri\u00ae \u00e0 l\u2019\u00e9chelle r\u00e9gionale\u00a0\u00bb. Afin de vous pr\u00e9senter et d\u2019\u00e9changer autour &hellip; <a href=\"https:\/\/mycor.iam.inrae.fr\/ARBRE\/?p=10902\">Continuer la lecture <span class=\"meta-nav\">&rarr;<\/span><\/a><\/p>\n","protected":false},"author":1,"featured_media":0,"comment_status":"closed","ping_status":"closed","sticky":false,"template":"","format":"standard","meta":{"footnotes":""},"categories":[1],"tags":[],"class_list":["post-10902","post","type-post","status-publish","format-standard","hentry","category-divers"],"_links":{"self":[{"href":"https:\/\/mycor.iam.inrae.fr\/ARBRE\/index.php?rest_route=\/wp\/v2\/posts\/10902","targetHints":{"allow":["GET"]}}],"collection":[{"href":"https:\/\/mycor.iam.inrae.fr\/ARBRE\/index.php?rest_route=\/wp\/v2\/posts"}],"about":[{"href":"https:\/\/mycor.iam.inrae.fr\/ARBRE\/index.php?rest_route=\/wp\/v2\/types\/post"}],"author":[{"embeddable":true,"href":"https:\/\/mycor.iam.inrae.fr\/ARBRE\/index.php?rest_route=\/wp\/v2\/users\/1"}],"replies":[{"embeddable":true,"href":"https:\/\/mycor.iam.inrae.fr\/ARBRE\/index.php?rest_route=%2Fwp%2Fv2%2Fcomments&post=10902"}],"version-history":[{"count":0,"href":"https:\/\/mycor.iam.inrae.fr\/ARBRE\/index.php?rest_route=\/wp\/v2\/posts\/10902\/revisions"}],"wp:attachment":[{"href":"https:\/\/mycor.iam.inrae.fr\/ARBRE\/index.php?rest_route=%2Fwp%2Fv2%2Fmedia&parent=10902"}],"wp:term":[{"taxonomy":"category","embeddable":true,"href":"https:\/\/mycor.iam.inrae.fr\/ARBRE\/index.php?rest_route=%2Fwp%2Fv2%2Fcategories&post=10902"},{"taxonomy":"post_tag","embeddable":true,"href":"https:\/\/mycor.iam.inrae.fr\/ARBRE\/index.php?rest_route=%2Fwp%2Fv2%2Ftags&post=10902"}],"curies":[{"name":"wp","href":"https:\/\/api.w.org\/{rel}","templated":true}]}}