{"id":10980,"date":"2018-10-02T11:30:23","date_gmt":"2018-10-02T11:30:23","guid":{"rendered":"https:\/\/mycor.iam.inrae.fr\/ARBRE\/?p=10980"},"modified":"2018-10-02T11:30:23","modified_gmt":"2018-10-02T11:30:23","slug":"seminaire-benchafor","status":"publish","type":"post","link":"https:\/\/mycor.iam.inrae.fr\/ARBRE\/?p=10980","title":{"rendered":"S\u00e9minaire  BENCHAFOR"},"content":{"rendered":"<div class=\"page\" title=\"Page 1\">\n<div class=\"section\">\n<div class=\"layoutArea\">\n<div class=\"column\">\n<p>Les 2 &amp; 3 octobre 2018 se tient \u00e0 l&rsquo;INRA-Nancy un\u00a0s\u00e9minaire de r\u00e9flexion\u00a0autour du projet BENCHAFOR financ\u00e9 par le LabEx ARBRE. Ce projet\u00a0vise \u00e0 limiter l&rsquo;impact des\u00a0\u00e9pid\u00e9mies de hannetons\u00a0sur\u00a0les r\u00e9g\u00e9n\u00e9rations foresti\u00e8res<\/p>\n<div class=\"page\" title=\"Page 1\">\n<div class=\"layoutArea\">\n<div class=\"column\">\n<p>Le hanneton commun et le hanneton des for\u00eats sont deux esp\u00e8ces de col\u00e9opt\u00e8res bien connues pour les dommages qu&rsquo;elles peuvent causer aux \u00e9cosyst\u00e8mes forestiers. Alors que les adultes peuvent provoquer des d\u00e9foliations spectaculaires des arbres adultes, les larves se nourrissent aussi des racines des jeunes arbres, ce qui entra\u00eene des mortalit\u00e9s importantes dans les r\u00e9g\u00e9n\u00e9rations foresti\u00e8res, ce qui a un impact sur l&rsquo;ensemble du processus de gestion de la for\u00eat. Les pays d&rsquo;Europe de l&rsquo;Est sont confront\u00e9s \u00e0 des infestations r\u00e9currentes depuis les ann\u00e9es 1960 ; en France, les populations de hannetons semblent \u00eatre pass\u00e9es d&rsquo;end\u00e9miques \u00e0 \u00e9pid\u00e9miques au cours des 10 derni\u00e8res ann\u00e9es, avec des d\u00e9g\u00e2ts importants\u00a0signal\u00e9s dans de jeunes peuplements forestiers de Picardie et d&rsquo;Alsace du Nord. En Allemagne, les traitements chimiques se sont av\u00e9r\u00e9s efficaces pour r\u00e9duire les populations et les dommages qui en d\u00e9coulent, mais leur utilisation est d\u00e9sormais interdite.\u00a0Plusieurs\u00a0m\u00e9thodes de lutte\u00a0sont \u00e9tudi\u00e9es en Europe, principalement sur la base de m\u00e9thodes de lutte biologique. Jusqu&rsquo;\u00e0 pr\u00e9sent, ces \u00e9tudes n&rsquo;ont pas produit de r\u00e9sultats qui pourraient \u00eatre d\u00e9velopp\u00e9s et finalement appliqu\u00e9s \u00e0 l&rsquo;am\u00e9nagement forestier quotidien.<\/p>\n<p>Les gestionnaires forestiers s&rsquo;interrogent maintenant sur l&rsquo;opportunit\u00e9 de modifier les param\u00e8tres de l&rsquo;\u00e9cosyst\u00e8me forestier qui sont critiques pour les diff\u00e9rentes phases du cycle de vie des hannetons. De telles actions sont susceptibles de produire des m\u00e9thodes efficaces \u00e0 court terme avec des impacts environnementaux limit\u00e9s. Ce projet est bas\u00e9 sur une approche de benchmarking des connaissances scientifiques acquises sur la\u00a0biologie des hannetons et des exp\u00e9riences techniques accumul\u00e9es dans les pays d&rsquo;Europe qui ont \u00e9t\u00e9 victimes de foyers \u00e9pid\u00e9miques au cours des derni\u00e8res d\u00e9cennies. Nous cherchons \u00e0 d\u00e9terminer si des am\u00e9nagements\u00a0dans\u00a0la gestion sylvicole pourraient\u00a0limiter la dynamique des populations de hannetons.<\/p>\n<p>Notre premier objectif est d&rsquo;\u00e9tablir un \u00e9tat des connaissances sur les facteurs environnementaux qui d\u00e9terminent les \u00e9closions du hanneton, puis de proposer un protocole de protocole pour d\u00e9crire et couvrir la structure et les caract\u00e9ristiques de la v\u00e9g\u00e9tation au sol qui d\u00e9terminent la densit\u00e9 larvaire des hannetons. Ces deux objectifs permettront d&rsquo;initier un travail en r\u00e9seau national et international sur la recherche de solutions aux dommages caus\u00e9s aux for\u00eats par les hannetons.<\/p>\n<p>Le c\u0153ur du projet est l&rsquo;organisation d&rsquo;une session de travail internationale (3 jours) durant l&rsquo;automne 2018 sur le site de l&rsquo;INRA \u00e0 Nancy-Champenoux. Au cours de la phase de pr\u00e9paration, nous identifierons un r\u00e9seau de comp\u00e9tences appropri\u00e9 de chercheurs et d&rsquo;experts en management en France et en Europe \u00e0 inviter \u00e0 la session de travail ; un \u00e9tudiant ing\u00e9nieur effectuera un stage \u00e0 l&rsquo;\u00e9tranger en juin 2018 pour rencontrer les principaux contacts identifi\u00e9s par l&rsquo;\u00e9quipe projet.<\/p>\n<p>Enfin, le projet propos\u00e9 fournira un cadre d&rsquo;hypoth\u00e8ses pour la recherche de solutions \u00e9cologiques afin de pr\u00e9venir les \u00e9pid\u00e9mies\u00a0de hannetons, un projet novateur susceptible d&rsquo;initier une strat\u00e9gie technique et scientifique de gestion de la crise caus\u00e9e par les \u00e9pid\u00e9mies de hannetons.<\/p>\n<\/div>\n<\/div>\n<\/div>\n<\/div>\n<\/div>\n<\/div>\n<\/div>\n","protected":false},"excerpt":{"rendered":"<p>Les 2 &amp; 3 octobre 2018 se tient \u00e0 l&rsquo;INRA-Nancy un\u00a0s\u00e9minaire de r\u00e9flexion\u00a0autour du projet BENCHAFOR financ\u00e9 par le LabEx ARBRE. Ce projet\u00a0vise \u00e0 limiter l&rsquo;impact des\u00a0\u00e9pid\u00e9mies de hannetons\u00a0sur\u00a0les r\u00e9g\u00e9n\u00e9rations foresti\u00e8res Le hanneton commun et le hanneton des for\u00eats sont &hellip; <a href=\"https:\/\/mycor.iam.inrae.fr\/ARBRE\/?p=10980\">Continuer la lecture <span class=\"meta-nav\">&rarr;<\/span><\/a><\/p>\n","protected":false},"author":2,"featured_media":0,"comment_status":"closed","ping_status":"closed","sticky":false,"template":"","format":"standard","meta":{"footnotes":""},"categories":[35,6,32],"tags":[],"class_list":["post-10980","post","type-post","status-publish","format-standard","hentry","category-conferences","category-reunions","category-seminaires"],"_links":{"self":[{"href":"https:\/\/mycor.iam.inrae.fr\/ARBRE\/index.php?rest_route=\/wp\/v2\/posts\/10980","targetHints":{"allow":["GET"]}}],"collection":[{"href":"https:\/\/mycor.iam.inrae.fr\/ARBRE\/index.php?rest_route=\/wp\/v2\/posts"}],"about":[{"href":"https:\/\/mycor.iam.inrae.fr\/ARBRE\/index.php?rest_route=\/wp\/v2\/types\/post"}],"author":[{"embeddable":true,"href":"https:\/\/mycor.iam.inrae.fr\/ARBRE\/index.php?rest_route=\/wp\/v2\/users\/2"}],"replies":[{"embeddable":true,"href":"https:\/\/mycor.iam.inrae.fr\/ARBRE\/index.php?rest_route=%2Fwp%2Fv2%2Fcomments&post=10980"}],"version-history":[{"count":0,"href":"https:\/\/mycor.iam.inrae.fr\/ARBRE\/index.php?rest_route=\/wp\/v2\/posts\/10980\/revisions"}],"wp:attachment":[{"href":"https:\/\/mycor.iam.inrae.fr\/ARBRE\/index.php?rest_route=%2Fwp%2Fv2%2Fmedia&parent=10980"}],"wp:term":[{"taxonomy":"category","embeddable":true,"href":"https:\/\/mycor.iam.inrae.fr\/ARBRE\/index.php?rest_route=%2Fwp%2Fv2%2Fcategories&post=10980"},{"taxonomy":"post_tag","embeddable":true,"href":"https:\/\/mycor.iam.inrae.fr\/ARBRE\/index.php?rest_route=%2Fwp%2Fv2%2Ftags&post=10980"}],"curies":[{"name":"wp","href":"https:\/\/api.w.org\/{rel}","templated":true}]}}