{"id":11028,"date":"2019-02-06T08:35:26","date_gmt":"2019-02-06T08:35:26","guid":{"rendered":"https:\/\/mycor.iam.inrae.fr\/ARBRE\/?p=11028"},"modified":"2019-02-06T08:37:09","modified_gmt":"2019-02-06T08:37:09","slug":"changements-du-stock-de-bois-sur-pied-des-forets-francaises","status":"publish","type":"post","link":"https:\/\/mycor.iam.inrae.fr\/ARBRE\/?p=11028","title":{"rendered":"Changements du stock de bois sur pied des for\u00eats fran\u00e7aises"},"content":{"rendered":"<p><strong>Soutenance de la th\u00e8se d&rsquo;Ana\u00efs Denardou-Tisserand :<\/strong><\/p>\n<p>\u00ab\u00a0Changements du stock de bois sur pied des for\u00eats fran\u00e7aises &#8211; Description, analyse et simulation sur des horizons temporels pluri-d\u00e9cennal (1975 &#8211; 2015) et s\u00e9culaire \u00e0 partir des donn\u00e9es de l&rsquo;inventaire forestier national et de statistiques anciennes\u00a0\u00bb,<\/p>\n<p>Vendredi 8 f\u00e9vrier 2019, \u00e0 9h, \u00e0 l&rsquo;Amphi Cu\u00e9not \u00e0 l&rsquo;Aquarium de Nancy.<\/p>\n<p><strong>Contexte.<\/strong>\u00a0Apr\u00e8s des si\u00e8cles de diminution, la surface foresti\u00e8re de la plupart des pays d\u00e9velopp\u00e9s augmente, un ph\u00e9nom\u00e8ne appel\u00e9 \u00ab <em>transition foresti\u00e8re<\/em> \u00bb. Le stock de bois sur pied pr\u00e9sente une augmentation plus rapide mais son \u00e9volution, associ\u00e9e \u00e0 des probl\u00e9matiques actuelles majeures, reste n\u00e9glig\u00e9e. Il est indispensable de caract\u00e9riser et comprendre ces \u00e9volutions, d\u2019en conna\u00eetre les causes sous-jacentes, et de les reconstituer sur le long terme afin de pouvoir situer les ressources foresti\u00e8res dans une trajectoired\u2019ensemble et anticiper leur dynamique future. Cette th\u00e8se est consacr\u00e9e aux for\u00eats fran\u00e7aises m\u00e9tropolitaines et repose principalementsur les donn\u00e9es de l\u2019IFN.<\/p>\n<p><strong>Objectifs.<\/strong><\/p>\n<p>(1) Analyser les changements de surfaces, de stock et de densit\u00e9 de stock et leurs h\u00e9t\u00e9rog\u00e9n\u00e9it\u00e9s spatiales et temporelles, sur 40 ans (1975 \u2013 2015) en fonction de facteurs pr\u00e9sum\u00e9s structurer ces \u00e9volutions (g\u00e9ographie, propri\u00e9t\u00e9 et composition). L\u2019existence de changements de vitesse d\u2019expansion a \u00e9t\u00e9 recherch\u00e9e. Le lien entre les changements de stock et des propri\u00e9t\u00e9s de la for\u00eat (stock et densit\u00e9 de stock initiaux, augmentation r\u00e9cente de surface) ont \u00e9t\u00e9 analys\u00e9s.<\/p>\n<p>(2) Analyser les m\u00e9canismes des changements de stock et d\u00e9composer l\u2019expansion selon des ensembles forestiers homog\u00e8nes du point de vue de leur dynamique. L\u2019analyse se fonde sur une estimation des flux de stock : croissance, recrutement, mortalit\u00e9 et pr\u00e9l\u00e8vement.<\/p>\n<p>(3) Situer l\u2019expansion actuelle du stock dans une dynamique s\u00e9culaire. Les stocks de 1892, 1908 et 1929 (associ\u00e9s aux surfaces de statistiques anciennes) ont \u00e9t\u00e9 estim\u00e9s par une approche d\u2019imputation conditionnelle de la densit\u00e9. Un mod\u00e8le synth\u00e9tique de densification du stock des for\u00eats a \u00e9t\u00e9 test\u00e9 afin d\u2019\u00e9tudier \u00e0 quelles conditions sur cette densification il est possible de retracer la chronologie pr\u00e9sum\u00e9e du stock.<\/p>\n<p><strong>R\u00e9sultats.<\/strong><\/p>\n<p>(1) Sur 40 ans, l\u2019expansion en stock a \u00e9t\u00e9 trois fois plus rapide que celle des surfaces, soulignant l\u2019intensit\u00e9 de la densification des for\u00eats, et ne pr\u00e9sente aucun signe de saturation. Les for\u00eats priv\u00e9es, et principalement les for\u00eats feuillues, pr\u00e9sentent les expansions de stock et de densit\u00e9 de stock les plus marqu\u00e9es, sugg\u00e9rant le r\u00f4le important de l\u2019expansion naturelle et de l\u2019abandon de terres agricoles. Les mod\u00e8les statistiques r\u00e9v\u00e8lent l\u2019effet positif du stock initial et des variations pass\u00e9es de surface sur l\u2019expansion.<\/p>\n<p>(2) L\u2019analyse des m\u00e9canismes d\u2019expansion a mis en \u00e9vidence le moindre niveau des pr\u00e9l\u00e8vements relativement \u00e0 la croissance des for\u00eats, et la contribution des for\u00eats jeunes au d\u00e9veloppement des ressources. Quatre ensembles forestiers synth\u00e9tiques de dynamiques distinctes et principalementcompos\u00e9s de stocks en for\u00eat priv\u00e9e expliquant l\u2019expansion du stock sont identifi\u00e9s.<\/p>\n<p>(3) La reconstitution du stock depuis 1850 sugg\u00e8re une faible densit\u00e9 de stock au d\u00e9but de la p\u00e9riode (25 m3\/ha) et une augmentation de stock de presque +300% entre 1892 et 2010, soulignant l\u2019importance de cette expansion. Un mod\u00e8le convexe a \u00e9t\u00e9 n\u00e9cessaire pour repr\u00e9senter la densification des for\u00eats, attestant d\u2019une inertie importante \u00e0 la reconstitution des ressources, interpr\u00e9t\u00e9e relativement \u00e0 la baisse progressive des pr\u00e9l\u00e8vements ou \u00e0 une reconstitution progressive de fertilit\u00e9. Les analyses sugg\u00e8rent enfin une \u00e9volution diff\u00e9renci\u00e9e dans le temps du mod\u00e8le de densification pour les for\u00eats provenant de plantations.<\/p>\n<p><strong>Conclusion<\/strong>. Ces travaux ont permis de montrer l\u2019importance de l\u2019expansion en stock et la n\u00e9cessit\u00e9 de contextualiser cette expansion. Cette expansion ancienne ne montre pour l\u2019instant aucune saturation et constitue un stock de carbone croissant qui ne devrait pas diminuer dans les prochaines d\u00e9cennies \u00e0 conditions contextuelles identiques. L\u2019analyse causale r\u00e9v\u00e8le qu\u2019une part importante de l\u2019expansion du stock ne constitue pas une ressource imm\u00e9diatement disponible. Les futures politiques d\u2019intensification des pr\u00e9l\u00e8vements doivent donc \u00eatre circonstanci\u00e9es et \u00e9chelonn\u00e9es dans le temps.<\/p>\n<div class=\"page\" title=\"Page 2\">\n<div class=\"layoutArea\">\n<div class=\"column\">\n<p><strong>Mots cl\u00e9s :<\/strong> expansion foresti\u00e8re \u2013 transition foresti\u00e8re &#8211; surface foresti\u00e8re \u2013 stock sur pied \u2013 volume \u2013 surface terri\u00e8re \u2013 composition foresti\u00e8re \u2013 gestion foresti\u00e8re \u2013 d\u00e9prise agricole \u2013 plantations \u2013 pr\u00e9l\u00e8vements \u2013 inventaire forestier national<\/p>\n<\/div>\n<\/div>\n<\/div>\n","protected":false},"excerpt":{"rendered":"<p>Soutenance de la th\u00e8se d&rsquo;Ana\u00efs Denardou-Tisserand : \u00ab\u00a0Changements du stock de bois sur pied des for\u00eats fran\u00e7aises &#8211; Description, analyse et simulation sur des horizons temporels pluri-d\u00e9cennal (1975 &#8211; 2015) et s\u00e9culaire \u00e0 partir des donn\u00e9es de l&rsquo;inventaire forestier national &hellip; <a href=\"https:\/\/mycor.iam.inrae.fr\/ARBRE\/?p=11028\">Continuer la lecture <span class=\"meta-nav\">&rarr;<\/span><\/a><\/p>\n","protected":false},"author":2,"featured_media":0,"comment_status":"closed","ping_status":"closed","sticky":false,"template":"","format":"standard","meta":{"footnotes":""},"categories":[35,4,32],"tags":[],"class_list":["post-11028","post","type-post","status-publish","format-standard","hentry","category-conferences","category-evenements","category-seminaires"],"_links":{"self":[{"href":"https:\/\/mycor.iam.inrae.fr\/ARBRE\/index.php?rest_route=\/wp\/v2\/posts\/11028","targetHints":{"allow":["GET"]}}],"collection":[{"href":"https:\/\/mycor.iam.inrae.fr\/ARBRE\/index.php?rest_route=\/wp\/v2\/posts"}],"about":[{"href":"https:\/\/mycor.iam.inrae.fr\/ARBRE\/index.php?rest_route=\/wp\/v2\/types\/post"}],"author":[{"embeddable":true,"href":"https:\/\/mycor.iam.inrae.fr\/ARBRE\/index.php?rest_route=\/wp\/v2\/users\/2"}],"replies":[{"embeddable":true,"href":"https:\/\/mycor.iam.inrae.fr\/ARBRE\/index.php?rest_route=%2Fwp%2Fv2%2Fcomments&post=11028"}],"version-history":[{"count":0,"href":"https:\/\/mycor.iam.inrae.fr\/ARBRE\/index.php?rest_route=\/wp\/v2\/posts\/11028\/revisions"}],"wp:attachment":[{"href":"https:\/\/mycor.iam.inrae.fr\/ARBRE\/index.php?rest_route=%2Fwp%2Fv2%2Fmedia&parent=11028"}],"wp:term":[{"taxonomy":"category","embeddable":true,"href":"https:\/\/mycor.iam.inrae.fr\/ARBRE\/index.php?rest_route=%2Fwp%2Fv2%2Fcategories&post=11028"},{"taxonomy":"post_tag","embeddable":true,"href":"https:\/\/mycor.iam.inrae.fr\/ARBRE\/index.php?rest_route=%2Fwp%2Fv2%2Ftags&post=11028"}],"curies":[{"name":"wp","href":"https:\/\/api.w.org\/{rel}","templated":true}]}}