{"id":11035,"date":"2019-02-18T08:08:28","date_gmt":"2019-02-18T08:08:28","guid":{"rendered":"https:\/\/mycor.iam.inrae.fr\/ARBRE\/?p=11035"},"modified":"2019-02-18T08:09:11","modified_gmt":"2019-02-18T08:09:11","slug":"seminaire-ecologie-et-gestion-des-prairies","status":"publish","type":"post","link":"https:\/\/mycor.iam.inrae.fr\/ARBRE\/?p=11035","title":{"rendered":"S\u00e9minaire \u00ab \u00c9cologie et gestion des prairies \u00bb"},"content":{"rendered":"<p>Les enseignants-chercheurs et chercheurs de l&rsquo;Universit\u00e9 de Lorraine, de l&rsquo;ENSAIA et de l&rsquo;INRA organisent les 21 et 22 juin 2019 un s\u00e9minaire scientifique en hommage \u00e0 Bernard Amiaud, qui nous a quitt\u00e9s en septembre dernier. Il se d\u00e9roulera en deux temps, la journ\u00e9e du 21\/6 \u00e0 la facult\u00e9 des sciences de Vandoeuvre, consacr\u00e9e \u00e0 des conf\u00e9rences sur le th\u00e8me de l&rsquo;\u00e9cologie des communaut\u00e9s et des esp\u00e8ces prairiales, et la matin\u00e9e du samedi 22\/6, o\u00f9 sera organis\u00e9e une visite de sites d&rsquo;exp\u00e9rience (agroforesterie) et d&rsquo;enseignement \u00e0 la ferme exp\u00e9rimentale de la Bouzule. Cet \u00e9v\u00e9nement est ouvert \u00e0 tous, mais il faut s&rsquo;inscrire avant le 25 mai sur le site suivant :<\/p>\n<p><a href=\"https:\/\/framaforms.org\/inscription-seminaire-en-hommage-a-bernard-amiaud-1543935040\">https:\/\/framaforms.org\/inscription-seminaire-en-hommage-a-bernard-amiaud-1543935040<\/a><\/p>\n<p>Contact :\u00a0Jean-Luc Dupouey\u00a0INRA UMR Silva 54280 Champenoux<img loading=\"lazy\" decoding=\"async\" class=\"alignleft size-full wp-image-11036\" src=\"https:\/\/mycor.iam.inrae.fr\/ARBRE\/wp-content\/uploads\/2019\/02\/programme_seminaire_ecologie_prairies_hommage_Bernard_Amiaud_21_22_juin_2019.jpg\" alt=\"programme_seminaire_ecologie_prairies_hommage_Bernard_Amiaud_21_22_juin_2019\" width=\"2480\" height=\"3508\" srcset=\"https:\/\/mycor.iam.inrae.fr\/ARBRE\/wp-content\/uploads\/2019\/02\/programme_seminaire_ecologie_prairies_hommage_Bernard_Amiaud_21_22_juin_2019.jpg 2480w, https:\/\/mycor.iam.inrae.fr\/ARBRE\/wp-content\/uploads\/2019\/02\/programme_seminaire_ecologie_prairies_hommage_Bernard_Amiaud_21_22_juin_2019-212x300.jpg 212w, https:\/\/mycor.iam.inrae.fr\/ARBRE\/wp-content\/uploads\/2019\/02\/programme_seminaire_ecologie_prairies_hommage_Bernard_Amiaud_21_22_juin_2019-768x1086.jpg 768w, https:\/\/mycor.iam.inrae.fr\/ARBRE\/wp-content\/uploads\/2019\/02\/programme_seminaire_ecologie_prairies_hommage_Bernard_Amiaud_21_22_juin_2019-724x1024.jpg 724w, https:\/\/mycor.iam.inrae.fr\/ARBRE\/wp-content\/uploads\/2019\/02\/programme_seminaire_ecologie_prairies_hommage_Bernard_Amiaud_21_22_juin_2019-424x600.jpg 424w\" sizes=\"auto, (max-width: 2480px) 100vw, 2480px\" \/><\/p>\n","protected":false},"excerpt":{"rendered":"<p>Les enseignants-chercheurs et chercheurs de l&rsquo;Universit\u00e9 de Lorraine, de l&rsquo;ENSAIA et de l&rsquo;INRA organisent les 21 et 22 juin 2019 un s\u00e9minaire scientifique en hommage \u00e0 Bernard Amiaud, qui nous a quitt\u00e9s en septembre dernier. Il se d\u00e9roulera en deux &hellip; <a href=\"https:\/\/mycor.iam.inrae.fr\/ARBRE\/?p=11035\">Continuer la lecture <span class=\"meta-nav\">&rarr;<\/span><\/a><\/p>\n","protected":false},"author":2,"featured_media":0,"comment_status":"closed","ping_status":"closed","sticky":false,"template":"","format":"standard","meta":{"footnotes":""},"categories":[1],"tags":[],"class_list":["post-11035","post","type-post","status-publish","format-standard","hentry","category-divers"],"_links":{"self":[{"href":"https:\/\/mycor.iam.inrae.fr\/ARBRE\/index.php?rest_route=\/wp\/v2\/posts\/11035","targetHints":{"allow":["GET"]}}],"collection":[{"href":"https:\/\/mycor.iam.inrae.fr\/ARBRE\/index.php?rest_route=\/wp\/v2\/posts"}],"about":[{"href":"https:\/\/mycor.iam.inrae.fr\/ARBRE\/index.php?rest_route=\/wp\/v2\/types\/post"}],"author":[{"embeddable":true,"href":"https:\/\/mycor.iam.inrae.fr\/ARBRE\/index.php?rest_route=\/wp\/v2\/users\/2"}],"replies":[{"embeddable":true,"href":"https:\/\/mycor.iam.inrae.fr\/ARBRE\/index.php?rest_route=%2Fwp%2Fv2%2Fcomments&post=11035"}],"version-history":[{"count":0,"href":"https:\/\/mycor.iam.inrae.fr\/ARBRE\/index.php?rest_route=\/wp\/v2\/posts\/11035\/revisions"}],"wp:attachment":[{"href":"https:\/\/mycor.iam.inrae.fr\/ARBRE\/index.php?rest_route=%2Fwp%2Fv2%2Fmedia&parent=11035"}],"wp:term":[{"taxonomy":"category","embeddable":true,"href":"https:\/\/mycor.iam.inrae.fr\/ARBRE\/index.php?rest_route=%2Fwp%2Fv2%2Fcategories&post=11035"},{"taxonomy":"post_tag","embeddable":true,"href":"https:\/\/mycor.iam.inrae.fr\/ARBRE\/index.php?rest_route=%2Fwp%2Fv2%2Ftags&post=11035"}],"curies":[{"name":"wp","href":"https:\/\/api.w.org\/{rel}","templated":true}]}}