{"id":11038,"date":"2019-02-25T08:14:15","date_gmt":"2019-02-25T08:14:15","guid":{"rendered":"https:\/\/mycor.iam.inrae.fr\/ARBRE\/?p=11038"},"modified":"2019-02-25T08:18:30","modified_gmt":"2019-02-25T08:18:30","slug":"ecoles-thematiques-lue-appel-a-manifestation-dinteret","status":"publish","type":"post","link":"https:\/\/mycor.iam.inrae.fr\/ARBRE\/?p=11038","title":{"rendered":"Ecoles Th\u00e9matiques LUE : Appel \u00e0 manifestation d&rsquo;int\u00e9r\u00eat"},"content":{"rendered":"<p>L&rsquo;appel RECOLTE &#8211; Recherche ECOLe Th\u00e9matique Excellence est lanc\u00e9 pour les projets d&rsquo;\u00e9coles th\u00e9matiques de recherche. Plus d&rsquo;informations : <a class=\"twitter-timeline-link\" dir=\"ltr\" title=\"http:\/\/bit.ly\/recolteLUE\" href=\"https:\/\/t.co\/Uy74JJOv1S\" target=\"_blank\" rel=\"nofollow noopener\" data-expanded-url=\"http:\/\/bit.ly\/recolteLUE\"><span class=\"invisible\">http:\/\/<\/span><span class=\"js-display-url\">bit.ly\/recolteLUE<\/span><\/a><\/p>\n<p><img loading=\"lazy\" decoding=\"async\" class=\"alignleft size-full wp-image-11039\" src=\"https:\/\/mycor.iam.inrae.fr\/ARBRE\/wp-content\/uploads\/2019\/02\/D0O9JmSXgAAAenn.png\" alt=\"D0O9JmSXgAAAenn\" width=\"585\" height=\"414\" srcset=\"https:\/\/mycor.iam.inrae.fr\/ARBRE\/wp-content\/uploads\/2019\/02\/D0O9JmSXgAAAenn.png 585w, https:\/\/mycor.iam.inrae.fr\/ARBRE\/wp-content\/uploads\/2019\/02\/D0O9JmSXgAAAenn-300x212.png 300w, https:\/\/mycor.iam.inrae.fr\/ARBRE\/wp-content\/uploads\/2019\/02\/D0O9JmSXgAAAenn-424x300.png 424w\" sizes=\"auto, (max-width: 585px) 100vw, 585px\" \/><\/p>\n","protected":false},"excerpt":{"rendered":"<p>L&rsquo;appel RECOLTE &#8211; Recherche ECOLe Th\u00e9matique Excellence est lanc\u00e9 pour les projets d&rsquo;\u00e9coles th\u00e9matiques de recherche. Plus d&rsquo;informations : http:\/\/bit.ly\/recolteLUE<\/p>\n","protected":false},"author":2,"featured_media":0,"comment_status":"closed","ping_status":"closed","sticky":false,"template":"","format":"standard","meta":{"footnotes":""},"categories":[7,5,32],"tags":[],"class_list":["post-11038","post","type-post","status-publish","format-standard","hentry","category-appel-doffre","category-ateliers","category-seminaires"],"_links":{"self":[{"href":"https:\/\/mycor.iam.inrae.fr\/ARBRE\/index.php?rest_route=\/wp\/v2\/posts\/11038","targetHints":{"allow":["GET"]}}],"collection":[{"href":"https:\/\/mycor.iam.inrae.fr\/ARBRE\/index.php?rest_route=\/wp\/v2\/posts"}],"about":[{"href":"https:\/\/mycor.iam.inrae.fr\/ARBRE\/index.php?rest_route=\/wp\/v2\/types\/post"}],"author":[{"embeddable":true,"href":"https:\/\/mycor.iam.inrae.fr\/ARBRE\/index.php?rest_route=\/wp\/v2\/users\/2"}],"replies":[{"embeddable":true,"href":"https:\/\/mycor.iam.inrae.fr\/ARBRE\/index.php?rest_route=%2Fwp%2Fv2%2Fcomments&post=11038"}],"version-history":[{"count":0,"href":"https:\/\/mycor.iam.inrae.fr\/ARBRE\/index.php?rest_route=\/wp\/v2\/posts\/11038\/revisions"}],"wp:attachment":[{"href":"https:\/\/mycor.iam.inrae.fr\/ARBRE\/index.php?rest_route=%2Fwp%2Fv2%2Fmedia&parent=11038"}],"wp:term":[{"taxonomy":"category","embeddable":true,"href":"https:\/\/mycor.iam.inrae.fr\/ARBRE\/index.php?rest_route=%2Fwp%2Fv2%2Fcategories&post=11038"},{"taxonomy":"post_tag","embeddable":true,"href":"https:\/\/mycor.iam.inrae.fr\/ARBRE\/index.php?rest_route=%2Fwp%2Fv2%2Ftags&post=11038"}],"curies":[{"name":"wp","href":"https:\/\/api.w.org\/{rel}","templated":true}]}}