{"id":11166,"date":"2019-09-13T13:32:22","date_gmt":"2019-09-13T13:32:22","guid":{"rendered":"https:\/\/mycor.iam.inrae.fr\/ARBRE\/?p=11166"},"modified":"2019-09-13T13:32:23","modified_gmt":"2019-09-13T13:32:23","slug":"des-hommes-et-des-arbres","status":"publish","type":"post","link":"https:\/\/mycor.iam.inrae.fr\/ARBRE\/?p=11166","title":{"rendered":"Des Hommes et des Arbres"},"content":{"rendered":"\n<p>F\u00e9licitations \u00e0 toute l&rsquo;\u00e9quipe \u201cDes Hommes et des Arbres\u201c ! <\/p>\n\n\n\n<p>Ensemble pr\u00e9parons un futur o\u00f9 la for\u00eat aura toute sa place &#8230;<\/p>\n\n\n\n<figure class=\"wp-block-image\"><img loading=\"lazy\" decoding=\"async\" width=\"718\" height=\"964\" src=\"https:\/\/mycor.iam.inrae.fr\/ARBRE\/wp-content\/uploads\/2019\/09\/DHDA.jpg\" alt=\"\" class=\"wp-image-11167\" srcset=\"https:\/\/mycor.iam.inrae.fr\/ARBRE\/wp-content\/uploads\/2019\/09\/DHDA.jpg 718w, https:\/\/mycor.iam.inrae.fr\/ARBRE\/wp-content\/uploads\/2019\/09\/DHDA-223x300.jpg 223w, https:\/\/mycor.iam.inrae.fr\/ARBRE\/wp-content\/uploads\/2019\/09\/DHDA-447x600.jpg 447w\" sizes=\"auto, (max-width: 718px) 100vw, 718px\" \/><\/figure>\n","protected":false},"excerpt":{"rendered":"<p>F\u00e9licitations \u00e0 toute l&rsquo;\u00e9quipe \u201cDes Hommes et des Arbres\u201c ! Ensemble pr\u00e9parons un futur o\u00f9 la for\u00eat aura toute sa place &#8230;<\/p>\n","protected":false},"author":2,"featured_media":0,"comment_status":"closed","ping_status":"closed","sticky":false,"template":"","format":"standard","meta":{"footnotes":""},"categories":[1],"tags":[],"class_list":["post-11166","post","type-post","status-publish","format-standard","hentry","category-divers"],"_links":{"self":[{"href":"https:\/\/mycor.iam.inrae.fr\/ARBRE\/index.php?rest_route=\/wp\/v2\/posts\/11166","targetHints":{"allow":["GET"]}}],"collection":[{"href":"https:\/\/mycor.iam.inrae.fr\/ARBRE\/index.php?rest_route=\/wp\/v2\/posts"}],"about":[{"href":"https:\/\/mycor.iam.inrae.fr\/ARBRE\/index.php?rest_route=\/wp\/v2\/types\/post"}],"author":[{"embeddable":true,"href":"https:\/\/mycor.iam.inrae.fr\/ARBRE\/index.php?rest_route=\/wp\/v2\/users\/2"}],"replies":[{"embeddable":true,"href":"https:\/\/mycor.iam.inrae.fr\/ARBRE\/index.php?rest_route=%2Fwp%2Fv2%2Fcomments&post=11166"}],"version-history":[{"count":0,"href":"https:\/\/mycor.iam.inrae.fr\/ARBRE\/index.php?rest_route=\/wp\/v2\/posts\/11166\/revisions"}],"wp:attachment":[{"href":"https:\/\/mycor.iam.inrae.fr\/ARBRE\/index.php?rest_route=%2Fwp%2Fv2%2Fmedia&parent=11166"}],"wp:term":[{"taxonomy":"category","embeddable":true,"href":"https:\/\/mycor.iam.inrae.fr\/ARBRE\/index.php?rest_route=%2Fwp%2Fv2%2Fcategories&post=11166"},{"taxonomy":"post_tag","embeddable":true,"href":"https:\/\/mycor.iam.inrae.fr\/ARBRE\/index.php?rest_route=%2Fwp%2Fv2%2Ftags&post=11166"}],"curies":[{"name":"wp","href":"https:\/\/api.w.org\/{rel}","templated":true}]}}