{"id":11917,"date":"2020-11-16T08:45:18","date_gmt":"2020-11-16T08:45:18","guid":{"rendered":"https:\/\/mycor.iam.inrae.fr\/ARBRE\/?p=11917"},"modified":"2020-11-16T08:45:18","modified_gmt":"2020-11-16T08:45:18","slug":"les-journees-scientifiques-du-gdr-sciences-du-bois","status":"publish","type":"post","link":"https:\/\/mycor.iam.inrae.fr\/ARBRE\/?p=11917","title":{"rendered":"Les journ\u00e9es scientifiques du GDR Sciences du Bois"},"content":{"rendered":"<p>Les Journ\u00e9es scientifiques du GDR Sciences du Bois pr\u00e9vues du <strong>18 au 20 novembre<\/strong> prochains,\u00a0vont se d\u00e9rouler en format\u00a0<strong>100% virtuel<\/strong>. Un\u00a0 programme adapt\u00e9 \u00e0 cette situation\u00a0est en ligne :<strong><a href=\"https:\/\/bit.ly\/3eWw7wP\"> https:\/\/bit.ly\/3eWw7wP<\/a><\/strong><\/p>\n<p>Ces Journ\u00e9es combineront, comme chaque ann\u00e9e, conf\u00e9rences invit\u00e9es et pr\u00e9sentation des posters en sessions pl\u00e9ni\u00e8res, susceptibles de couvrir l&rsquo;ensemble des sciences du bois, et r\u00e9unions de groupes de travail sur des th\u00e8mes plus focalis\u00e9s.<\/p>\n<p>La liste des posters est\u00a0consultable au lien suivant :<strong>\u00a0<a href=\"https:\/\/bit.ly\/38GaAHE\">https:\/\/bit.ly\/38GaAHE<\/a><\/strong><\/p>\n<p>La manifestation se d\u00e9roulera\u00a0essentiellement\u00a0sur la plateforme Livestorm\u00a0qui\u00a0n\u00e9cessite une inscription par\u00a0demie journ\u00e9e.\u00a0<strong>L&rsquo;inscription est gratuite, ouverte \u00e0 toutes et tous mais\u00a0obligatoire<\/strong>\u00a0pour pouvoir recevoir les liens de connexion. Pour vous inscrire rendez vous\u00a0sur le site des journ\u00e9es par ce lien :\u00a0<strong><a href=\"https:\/\/bit.ly\/36d47AS\">https:\/\/bit.ly\/36d47AS<\/a>\u200b.<\/strong><\/p>\n<p>\u200b<em>N&rsquo;h\u00e9sitez pas \u00e0 faire suivre l&rsquo;annonce \u00e0 vos coll\u00e8gues et r\u00e9seaux.<\/em><\/p>\n<p>Pour toute information: <a href=\"mailto:gdr-bois-2020@sciencesconf.org\">gdr-bois-2020@sciencesconf.org<\/a><\/p>\n<p style=\"text-align: center;\"><img loading=\"lazy\" decoding=\"async\" class=\"alignleft size-full wp-image-11919\" src=\"https:\/\/mycor.iam.inrae.fr\/ARBRE\/wp-content\/uploads\/2020\/11\/ONF-sur-grume.jpeg\" alt=\"\" width=\"1280\" height=\"960\" srcset=\"https:\/\/mycor.iam.inrae.fr\/ARBRE\/wp-content\/uploads\/2020\/11\/ONF-sur-grume.jpeg 1280w, https:\/\/mycor.iam.inrae.fr\/ARBRE\/wp-content\/uploads\/2020\/11\/ONF-sur-grume-300x225.jpeg 300w, https:\/\/mycor.iam.inrae.fr\/ARBRE\/wp-content\/uploads\/2020\/11\/ONF-sur-grume-768x576.jpeg 768w, https:\/\/mycor.iam.inrae.fr\/ARBRE\/wp-content\/uploads\/2020\/11\/ONF-sur-grume-1024x768.jpeg 1024w, https:\/\/mycor.iam.inrae.fr\/ARBRE\/wp-content\/uploads\/2020\/11\/ONF-sur-grume-800x600.jpeg 800w, https:\/\/mycor.iam.inrae.fr\/ARBRE\/wp-content\/uploads\/2020\/11\/ONF-sur-grume-400x300.jpeg 400w\" sizes=\"auto, (max-width: 1280px) 100vw, 1280px\" \/><\/p>\n","protected":false},"excerpt":{"rendered":"<p>Les Journ\u00e9es scientifiques du GDR Sciences du Bois pr\u00e9vues du 18 au 20 novembre prochains,\u00a0vont se d\u00e9rouler en format\u00a0100% virtuel. Un\u00a0 programme adapt\u00e9 \u00e0 cette situation\u00a0est en ligne : https:\/\/bit.ly\/3eWw7wP Ces Journ\u00e9es combineront, comme chaque ann\u00e9e, conf\u00e9rences invit\u00e9es et pr\u00e9sentation &hellip; <a href=\"https:\/\/mycor.iam.inrae.fr\/ARBRE\/?p=11917\">Continuer la lecture <span class=\"meta-nav\">&rarr;<\/span><\/a><\/p>\n","protected":false},"author":2,"featured_media":0,"comment_status":"closed","ping_status":"closed","sticky":false,"template":"","format":"standard","meta":{"footnotes":""},"categories":[1],"tags":[],"class_list":["post-11917","post","type-post","status-publish","format-standard","hentry","category-divers"],"_links":{"self":[{"href":"https:\/\/mycor.iam.inrae.fr\/ARBRE\/index.php?rest_route=\/wp\/v2\/posts\/11917","targetHints":{"allow":["GET"]}}],"collection":[{"href":"https:\/\/mycor.iam.inrae.fr\/ARBRE\/index.php?rest_route=\/wp\/v2\/posts"}],"about":[{"href":"https:\/\/mycor.iam.inrae.fr\/ARBRE\/index.php?rest_route=\/wp\/v2\/types\/post"}],"author":[{"embeddable":true,"href":"https:\/\/mycor.iam.inrae.fr\/ARBRE\/index.php?rest_route=\/wp\/v2\/users\/2"}],"replies":[{"embeddable":true,"href":"https:\/\/mycor.iam.inrae.fr\/ARBRE\/index.php?rest_route=%2Fwp%2Fv2%2Fcomments&post=11917"}],"version-history":[{"count":0,"href":"https:\/\/mycor.iam.inrae.fr\/ARBRE\/index.php?rest_route=\/wp\/v2\/posts\/11917\/revisions"}],"wp:attachment":[{"href":"https:\/\/mycor.iam.inrae.fr\/ARBRE\/index.php?rest_route=%2Fwp%2Fv2%2Fmedia&parent=11917"}],"wp:term":[{"taxonomy":"category","embeddable":true,"href":"https:\/\/mycor.iam.inrae.fr\/ARBRE\/index.php?rest_route=%2Fwp%2Fv2%2Fcategories&post=11917"},{"taxonomy":"post_tag","embeddable":true,"href":"https:\/\/mycor.iam.inrae.fr\/ARBRE\/index.php?rest_route=%2Fwp%2Fv2%2Ftags&post=11917"}],"curies":[{"name":"wp","href":"https:\/\/api.w.org\/{rel}","templated":true}]}}