{"id":12050,"date":"2021-01-04T09:12:29","date_gmt":"2021-01-04T09:12:29","guid":{"rendered":"https:\/\/mycor.iam.inrae.fr\/ARBRE\/?p=12050"},"modified":"2021-01-06T08:28:06","modified_gmt":"2021-01-06T08:28:06","slug":"meilleurs-voeux-pour-2021","status":"publish","type":"post","link":"https:\/\/mycor.iam.inrae.fr\/ARBRE\/?p=12050","title":{"rendered":"Meilleurs Voeux 2021 !!!"},"content":{"rendered":"<div class=\"\"><span class=\"\">Bonjour \u00e0 toutes et \u00e0 tous,<\/span><\/div>\n<div><\/div>\n<div class=\"\"><span class=\"\">Entre pand\u00e9mie de Covid-19, confinements et couvre-feu, l<\/span><span class=\"\">\u2019ann\u00e9e 2020 a \u00e9t\u00e9 tr\u00e8s anxiog\u00e8ne et \u00e9prouvante. D<\/span><span class=\"\">ans un\u202f contexte de regain annonc\u00e9 de l\u2019\u00e9pid\u00e9mie,\u00a0<\/span><span class=\"\">2021 d\u00e9bute malheureusement sous de mauvais augures. Dans ces circonstances in\u00e9dites, l&rsquo;expression du g\u00e9nie scientifique qui a permis la\u00a0<\/span><span class=\"\" style=\"color: #202020;\">production d\u2019un vaccin en quelques mois est particuli\u00e8rement r\u00e9confortante et porteuse d\u2019espoir.<\/span><\/div>\n<div><\/div>\n<div class=\"\"><span class=\"\">Je vous souhaite une excellente ann\u00e9e et \u00e9changes scientifiques fructueux au sein du LabEx ARBRE.<\/span><\/div>\n<div><\/div>\n<div class=\"\"><span style=\"color: #202020;\">Je profite de ce message pour vous remercier de votre\u00a0investissement dans les nombreuses activit\u00e9s de recherche, de formation et de m\u00e9diation scientifique que vous d\u00e9veloppez au sein de notre consortium.<\/span><\/div>\n<div><\/div>\n<div class=\"\"><span style=\"color: #202020;\">Bien cordialement &#8211; Francis Martin<\/span><\/div>\n<div><\/div>\n<div class=\"\">\n<div class=\"\"><span class=\"\" style=\"color: #202020;\"><img loading=\"lazy\" decoding=\"async\" class=\"alignleft size-full wp-image-12051\" src=\"https:\/\/mycor.iam.inrae.fr\/ARBRE\/wp-content\/uploads\/2021\/01\/C\u00f4nes-d\u00e9pic\u00e9a.jpeg\" alt=\"\" width=\"1280\" height=\"960\" srcset=\"https:\/\/mycor.iam.inrae.fr\/ARBRE\/wp-content\/uploads\/2021\/01\/C\u00f4nes-d\u00e9pic\u00e9a.jpeg 1280w, https:\/\/mycor.iam.inrae.fr\/ARBRE\/wp-content\/uploads\/2021\/01\/C\u00f4nes-d\u00e9pic\u00e9a-300x225.jpeg 300w, https:\/\/mycor.iam.inrae.fr\/ARBRE\/wp-content\/uploads\/2021\/01\/C\u00f4nes-d\u00e9pic\u00e9a-768x576.jpeg 768w, https:\/\/mycor.iam.inrae.fr\/ARBRE\/wp-content\/uploads\/2021\/01\/C\u00f4nes-d\u00e9pic\u00e9a-1024x768.jpeg 1024w, https:\/\/mycor.iam.inrae.fr\/ARBRE\/wp-content\/uploads\/2021\/01\/C\u00f4nes-d\u00e9pic\u00e9a-800x600.jpeg 800w, https:\/\/mycor.iam.inrae.fr\/ARBRE\/wp-content\/uploads\/2021\/01\/C\u00f4nes-d\u00e9pic\u00e9a-400x300.jpeg 400w\" sizes=\"auto, (max-width: 1280px) 100vw, 1280px\" \/><\/span><\/div>\n<div class=\"\"><\/div>\n<\/div>\n","protected":false},"excerpt":{"rendered":"<p>Bonjour \u00e0 toutes et \u00e0 tous, Entre pand\u00e9mie de Covid-19, confinements et couvre-feu, l\u2019ann\u00e9e 2020 a \u00e9t\u00e9 tr\u00e8s anxiog\u00e8ne et \u00e9prouvante. Dans un\u202f contexte de regain annonc\u00e9 de l\u2019\u00e9pid\u00e9mie,\u00a02021 d\u00e9bute malheureusement sous de mauvais augures. Dans ces circonstances in\u00e9dites, l&rsquo;expression &hellip; <a href=\"https:\/\/mycor.iam.inrae.fr\/ARBRE\/?p=12050\">Continuer la lecture <span class=\"meta-nav\">&rarr;<\/span><\/a><\/p>\n","protected":false},"author":2,"featured_media":0,"comment_status":"closed","ping_status":"closed","sticky":false,"template":"","format":"standard","meta":{"footnotes":""},"categories":[1],"tags":[],"class_list":["post-12050","post","type-post","status-publish","format-standard","hentry","category-divers"],"_links":{"self":[{"href":"https:\/\/mycor.iam.inrae.fr\/ARBRE\/index.php?rest_route=\/wp\/v2\/posts\/12050","targetHints":{"allow":["GET"]}}],"collection":[{"href":"https:\/\/mycor.iam.inrae.fr\/ARBRE\/index.php?rest_route=\/wp\/v2\/posts"}],"about":[{"href":"https:\/\/mycor.iam.inrae.fr\/ARBRE\/index.php?rest_route=\/wp\/v2\/types\/post"}],"author":[{"embeddable":true,"href":"https:\/\/mycor.iam.inrae.fr\/ARBRE\/index.php?rest_route=\/wp\/v2\/users\/2"}],"replies":[{"embeddable":true,"href":"https:\/\/mycor.iam.inrae.fr\/ARBRE\/index.php?rest_route=%2Fwp%2Fv2%2Fcomments&post=12050"}],"version-history":[{"count":0,"href":"https:\/\/mycor.iam.inrae.fr\/ARBRE\/index.php?rest_route=\/wp\/v2\/posts\/12050\/revisions"}],"wp:attachment":[{"href":"https:\/\/mycor.iam.inrae.fr\/ARBRE\/index.php?rest_route=%2Fwp%2Fv2%2Fmedia&parent=12050"}],"wp:term":[{"taxonomy":"category","embeddable":true,"href":"https:\/\/mycor.iam.inrae.fr\/ARBRE\/index.php?rest_route=%2Fwp%2Fv2%2Fcategories&post=12050"},{"taxonomy":"post_tag","embeddable":true,"href":"https:\/\/mycor.iam.inrae.fr\/ARBRE\/index.php?rest_route=%2Fwp%2Fv2%2Ftags&post=12050"}],"curies":[{"name":"wp","href":"https:\/\/api.w.org\/{rel}","templated":true}]}}