{"id":12057,"date":"2021-01-06T10:35:42","date_gmt":"2021-01-06T10:35:42","guid":{"rendered":"https:\/\/mycor.iam.inrae.fr\/ARBRE\/?p=12057"},"modified":"2021-03-09T09:14:14","modified_gmt":"2021-03-09T09:14:14","slug":"semaine-de-la-recherche","status":"publish","type":"post","link":"https:\/\/mycor.iam.inrae.fr\/ARBRE\/?p=12057","title":{"rendered":"Semaine de la recherche"},"content":{"rendered":"<p><strong>La for\u00eat et le bois sont des sujets pour la science \u2026 ou le LABEX ARBRE racont\u00e9 aux \u00e9tudiants pour la semaine de la science 2021<\/strong><\/p>\n<p><em>(cliquez sur les zones en gras (liens hypertexte) pour avoir des pr\u00e9cisions)<\/em><\/p>\n<p>Les for\u00eats sont traditionnellement des zones de chasse, de cueillette et de parcours, et sont souvent appropri\u00e9es comme des biens communautaires. Depuis toujours, elles produisent du bois, mati\u00e8re premi\u00e8re pour l\u2019habitat, l\u2019\u00e9nergie, la culture (le papier ou les instruments de musique \u2026), dont le besoin ne cesse d\u2019augmenter, pour une industrie lourde qui co-existe avec l\u2019artisanat. On demande aujourd\u2019hui toujours plus de services \u00e0 nos for\u00eats pour h\u00e9berger la biodiversit\u00e9, pour s\u00e9questrer le CO2 en att\u00e9nuation du changement climatique, pour am\u00e9liorer la qualit\u00e9 de l\u2019eau ou de l\u2019air, pour pr\u00e9server les sols ou limiter l\u2019\u00e9rosion, et tout simplement pour satisfaire le besoin de nature et de r\u00eaves de citoyens de plus en plus urbains. Mais ces for\u00eats sont aussi des \u00e9cosyst\u00e8mes fragiles qui peuvent dispara\u00eetre sous le feu, le vent, les s\u00e9cheresses ou les pathog\u00e8nes. Elles repr\u00e9sentent \u00e9galement des risques pour l\u2019environnement et nos activit\u00e9s, en h\u00e9bergeant par exemple des vecteurs de maladies.<\/p>\n<p style=\"text-align: center;\"><img loading=\"lazy\" decoding=\"async\" class=\"alignleft size-full wp-image-12077\" src=\"https:\/\/mycor.iam.inrae.fr\/ARBRE\/wp-content\/uploads\/2021\/01\/Feuillages-Bois-St-Paul.jpeg\" alt=\"\" width=\"640\" height=\"427\" srcset=\"https:\/\/mycor.iam.inrae.fr\/ARBRE\/wp-content\/uploads\/2021\/01\/Feuillages-Bois-St-Paul.jpeg 640w, https:\/\/mycor.iam.inrae.fr\/ARBRE\/wp-content\/uploads\/2021\/01\/Feuillages-Bois-St-Paul-300x200.jpeg 300w, https:\/\/mycor.iam.inrae.fr\/ARBRE\/wp-content\/uploads\/2021\/01\/Feuillages-Bois-St-Paul-450x300.jpeg 450w\" sizes=\"auto, (max-width: 640px) 100vw, 640px\" \/><\/p>\n<p>Dans les paysages europ\u00e9ens fa\u00e7onn\u00e9s par l\u2019homme depuis l\u2019Antiquit\u00e9, les for\u00eats ne sont pas vraiment des ressources naturelles &#8211; car contrairement \u00e0 l\u2019air ou l\u2019eau, elles ne proviennent pas de la nature de mani\u00e8re directe sans intervention humaine. Pour autant, leur sylviculture ne transforme pas autant le milieu naturel que l\u2019agriculture. Les for\u00eats sont sources de quantit\u00e9 de services et d\u2019emplois (les for\u00eats et la fili\u00e8re bois repr\u00e9sentent 450\u00a0000 emplois en France, dans le m\u00eame ordre de grandeur que l\u2019agroalimentaire).<\/p>\n<p>A Nancy, s\u2019est d\u00e9velopp\u00e9 depuis de nombreuses ann\u00e9es un dispositif de formation et de recherche sur les for\u00eats et les services qu\u2019elles procurent, notamment le bois utilis\u00e9 comme mat\u00e9riau de construction mais aussi source d\u2019\u00e9nergie et de biomol\u00e9cules. Ce dispositif est reconnu depuis 2012 par le <span style=\"color: #008000;\"><strong><a style=\"color: #008000;\" href=\"https:\/\/mycor.iam.inrae.fr\/ARBRE\/\">Laboratoire d\u2019Excellence ARBRE<\/a><\/strong><\/span>\u00a0qui f\u00e9d\u00e8re une diversit\u00e9 de laboratoires et d\u2019organismes lorrains et d\u00e9veloppe des recherches de pointe dans de nombreuses disciplines\u00a0: \u00e9cologie mais aussi microbiologie, physiologie, \u00e9conomie, g\u00e9nie des proc\u00e9d\u00e9s ou chimie.<\/p>\n<p style=\"text-align: center;\"><img loading=\"lazy\" decoding=\"async\" class=\"alignleft size-full wp-image-12080\" src=\"https:\/\/mycor.iam.inrae.fr\/ARBRE\/wp-content\/uploads\/2021\/01\/Plateforme-SILVATECH.jpg\" alt=\"\" width=\"1636\" height=\"926\" srcset=\"https:\/\/mycor.iam.inrae.fr\/ARBRE\/wp-content\/uploads\/2021\/01\/Plateforme-SILVATECH.jpg 1636w, https:\/\/mycor.iam.inrae.fr\/ARBRE\/wp-content\/uploads\/2021\/01\/Plateforme-SILVATECH-300x170.jpg 300w, https:\/\/mycor.iam.inrae.fr\/ARBRE\/wp-content\/uploads\/2021\/01\/Plateforme-SILVATECH-768x435.jpg 768w, https:\/\/mycor.iam.inrae.fr\/ARBRE\/wp-content\/uploads\/2021\/01\/Plateforme-SILVATECH-1024x580.jpg 1024w, https:\/\/mycor.iam.inrae.fr\/ARBRE\/wp-content\/uploads\/2021\/01\/Plateforme-SILVATECH-800x453.jpg 800w, https:\/\/mycor.iam.inrae.fr\/ARBRE\/wp-content\/uploads\/2021\/01\/Plateforme-SILVATECH-500x283.jpg 500w\" sizes=\"auto, (max-width: 1636px) 100vw, 1636px\" \/><\/p>\n<p>Les travaux de ces laboratoires vont de la recherche la plus fondamentale notamment sur l\u2019\u00e9cologie \u00e9volutive des interactions entre arbres et champignons symbiotiques ou pathog\u00e8nes, \u00e0 des projets tr\u00e8s appliqu\u00e9s, jusqu\u2019\u00e0 l\u2019innovation la plus ambitieuse conduite avec les entreprises qui g\u00e8rent les for\u00eats. Une forte originalit\u00e9 de la recherche foresti\u00e8re est de devoir composer avec l\u2019observation de syst\u00e8mes tr\u00e8s lents \u2013 arbres et for\u00eats- en conditions naturelles ce qui demande de d\u00e9velopper un savoir-faire exp\u00e9rimental sur des sites d\u2019observation ou d\u2019exp\u00e9rimentation sur le terrain. Depuis 2019, la succession d\u2019ann\u00e9es s\u00e8ches a initi\u00e9 de graves mortalit\u00e9 des arbres,<span style=\"color: #008000;\"><strong> <a style=\"color: #008000;\" href=\"https:\/\/www.lci.fr\/planete\/video-chaleur-et-secheresse-la-foret-francaise-se-meurt-2164536.html\">mettant sur le devant de la sc\u00e8ne des recherches que nous conduisons depuis longtemps <\/a><\/strong><\/span>pour adapter la for\u00eats aux climats du futur. Les strat\u00e9gies nouvelles pour la bio\u00e9conomie stimulent \u00e9galement de nouveaux projets de recherche, par exemple sur <strong><span style=\"color: #008000;\"><a style=\"color: #008000;\" href=\"https:\/\/www6.inrae.fr\/extraforest\/Le-projet-ExtraFor_Est\">le bois source de mol\u00e9cules<\/a><\/span> <\/strong>ou <span style=\"color: #008000;\"><strong><a style=\"color: #008000;\" href=\"https:\/\/afforball-psdr4.fr\/\">le r\u00f4le des for\u00eats et du bois dans le d\u00e9veloppement territorial<\/a><\/strong><\/span>. Mais nos recherches concernent aussi des domaines que vous ne soup\u00e7onnez sans doute m\u00eame pas\u00a0: biom\u00e9canique des arbres, \u00e9cologie historique, \u00e9conomie des fonctions r\u00e9cr\u00e9atives des for\u00eats \u2026<\/p>\n<p style=\"text-align: center;\"><img loading=\"lazy\" decoding=\"async\" class=\"alignleft size-full wp-image-12081\" src=\"https:\/\/mycor.iam.inrae.fr\/ARBRE\/wp-content\/uploads\/2021\/01\/Amanita-muscaria.jpeg\" alt=\"\" width=\"640\" height=\"427\" srcset=\"https:\/\/mycor.iam.inrae.fr\/ARBRE\/wp-content\/uploads\/2021\/01\/Amanita-muscaria.jpeg 640w, https:\/\/mycor.iam.inrae.fr\/ARBRE\/wp-content\/uploads\/2021\/01\/Amanita-muscaria-300x200.jpeg 300w, https:\/\/mycor.iam.inrae.fr\/ARBRE\/wp-content\/uploads\/2021\/01\/Amanita-muscaria-450x300.jpeg 450w\" sizes=\"auto, (max-width: 640px) 100vw, 640px\" \/><\/p>\n<p><strong>Pour en savoir plus\u00a0:<\/strong><\/p>\n<p>Une synth\u00e8se d\u2019une entreprise partenaire, l\u2019Office National des For\u00eats, sur ses besoins de recherche et ses projets d\u2019innovation pour<strong> <a href=\"http:\/\/www.onf.fr\/onf\/lonf-agit\/+\/1e::innover-pour-preserver-la-foret-et-mieux-repondre-aux-besoins-de-la-societe.html\"><span style=\"color: #008000;\">construire les for\u00eats du futur<\/span>.<\/a><\/strong><\/p>\n<p>Quelques sites web \u2013 <strong><span style=\"color: #008000;\"><a style=\"color: #008000;\" href=\"http:\/\/www1.onf.fr\/renecofor\/sommaire\/renecofor\">RENECOFOR<\/a><\/span> , <span style=\"color: #008000;\"><a style=\"color: #008000;\" href=\"https:\/\/www6.inrae.fr\/renfor\/Reseaux-d-experimentation\/REGEBLOC\">REGEBLOC <\/a><\/span><\/strong>&#8211; et une <span style=\"color: #008000;\"><strong><a style=\"color: #008000;\" href=\"https:\/\/www.youtube.com\/watch?v=M_Pj7TWBwRE\">conf\u00e9rence<\/a><\/strong><\/span> qui pr\u00e9sentent les m\u00e9thodes et sites d\u2019observation et d\u2019exp\u00e9rimentation en for\u00eat.<\/p>\n<p>Un article de base sur la <span style=\"color: #008000;\"><strong><a style=\"color: #008000;\" href=\"http:\/\/documents.irevues.inist.fr\/bitstream\/handle\/2042\/56556\/RFF_2014_4_413_424_Legout.pdf?sequence=1\">fertilit\u00e9 des sols<\/a><\/strong><\/span> en for\u00eat.<\/p>\n<p>Un site de projet pluridisciplinaire sur <span style=\"color: #008000;\"><strong><a style=\"color: #008000;\" href=\"https:\/\/afforball-psdr4.fr\/\">l\u2019\u00e9conomie de la for\u00eat dans le PNR des Ballons des Vosges.<\/a><\/strong><\/span><\/p>\n<p>Les productions remarquables\u00a0 de \u00ab\u00a0<em>Ma th\u00e8se en 180 secondes<\/em>\u00a0\u00bb #MT180 qui ont concern\u00e9 nos recherches\u00a0:<\/p>\n<ul>\n<li>sur<span style=\"color: #008000;\"><strong> <a style=\"color: #008000;\" href=\"https:\/\/theconversation.com\/ma-these-en-bd-la-foret-ou-il-ne-pleut-pas-59345\">l\u2019adaptation des for\u00eats aux s\u00e9cheresses<\/a><\/strong> <\/span>(Silva)<\/li>\n<li>sur la<span style=\"color: #008000;\"> <strong><a style=\"color: #008000;\" href=\"https:\/\/www.youtube.com\/watch?v=HW1-urtK5og\">protection de la biodiversit\u00e9 foresti\u00e8re<\/a> <\/strong><\/span>(Silva)<\/li>\n<li>sur la<span style=\"color: #008000;\"><strong> simulation <a style=\"color: #008000;\" href=\"https:\/\/www.youtube.com\/watch?v=QlaKzBhfIt0&amp;list=UUpDxEZV1OEKLAe9LjgP9_fA&amp;index=47\">macro\u00e9cologique des for\u00eats fran\u00e7aises<\/a><\/strong><\/span> (LIF, Silva)<\/li>\n<li>sur les<span style=\"color: #008000;\"><strong> <a style=\"color: #008000;\" href=\"https:\/\/www.youtube.com\/watch?v=oMGMg051A4Y\">champignons d\u00e9composeurs du bois<\/a><\/strong><\/span> (IAM)<\/li>\n<li>sur les<span style=\"color: #008000;\"><strong> <a style=\"color: #008000;\" href=\"https:\/\/www.youtube.com\/watch?v=138mloan-0k\">pratiques du changement dans les organisations foresti\u00e8res<\/a><\/strong> <\/span>(CEREFIGE Silva)<\/li>\n<li>sur la <span style=\"color: #008000;\"><strong><a style=\"color: #008000;\" href=\"https:\/\/videos.univ-lorraine.fr\/index.php?act=view&amp;id=4614\">valorisation de la biomasse ligneuse<\/a><\/strong><\/span> (LERMaB)<\/li>\n<\/ul>\n<p>A propos de nos travaux sur les champignons forestiers, deux courtes pr\u00e9sentations de vulgarisation par INRAE (<strong><span style=\"color: #339966;\">vid\u00e9os <a style=\"color: #339966;\" href=\"https:\/\/www.inrae.fr\/actualites\/voyage-au-royaume-champignons\">1<\/a> et <\/span><\/strong><a href=\"https:\/\/www.inrae.fr\/actualites\/arbres-champignons-maries-vie\"><strong><span style=\"color: #339966;\">2<\/span><\/strong>)<\/a>, et deux vid\u00e9os g\u00e9n\u00e9rales (<strong><span style=\"color: #339966;\">vid\u00e9os\u00a0<a style=\"color: #339966;\" href=\"https:\/\/www.humensciences.com\/actualite\/%5BVideo%5D-Pour-survivre-il-faut-des-allies---Sous-la-foret\/79\">1<\/a> et <\/span><\/strong><a href=\"https:\/\/www.brut.media\/fr\/entertainment\/les-liens-etroits-entre-arbres-et-champignons-6192871e-d586-4ce7-8276-b9adad3c0a30\"><strong><span style=\"color: #339966;\">2<\/span><\/strong>) <\/a>par Francis Martin (un des tous meilleurs chercheurs du monde pour la citation de ses articles scientifiques mais aussi un excellent vulgarisateur)<\/p>\n<p>Quelques articles de vulgarisation de nos recherches \u00ab\u00a0inattendues\u00a0\u00bb :<\/p>\n<ul>\n<li>sur la<span style=\"color: #008000;\"><strong> <a style=\"color: #008000;\" href=\"http:\/\/documents.irevues.inist.fr\/handle\/2042\/58173\">biom\u00e9canique des arbres<\/a><\/strong><\/span><\/li>\n<li>sur <span style=\"color: #008000;\"><strong><a style=\"color: #008000;\" href=\"http:\/\/documents.irevues.inist.fr\/handle\/2042\/67863\">l\u2019\u00e9cologie historique des for\u00eats<\/a><\/strong><\/span><\/li>\n<li>sur <span style=\"color: #008000;\"><strong><a style=\"color: #008000;\" href=\"http:\/\/documents.irevues.inist.fr\/handle\/2042\/48441\">l\u2019\u00e9conomie de la valeur r\u00e9cr\u00e9ative des for\u00eats<\/a><\/strong><\/span><\/li>\n<\/ul>\n<p>Et n\u2019h\u00e9sitez surtout pas \u00e0 voir ou revoir l\u2019excellent documentaire d\u2019Emmanuelle Nob\u00e9court sur le<span style=\"color: #008000;\"> <strong><a style=\"color: #008000;\" href=\"https:\/\/video.geo.fr\/environnement\/bande-annonce-du-film-le-genie-des-arbres-realise-par-emmanuelle-nobecourt_8291\">G\u00e9nie des Arbres<\/a><\/strong><\/span> (malheureusement plus disponible en int\u00e9gralit\u00e9 sur France TV).<\/p>\n<p style=\"text-align: center;\"><img loading=\"lazy\" decoding=\"async\" class=\"alignleft size-full wp-image-12083\" src=\"https:\/\/mycor.iam.inrae.fr\/ARBRE\/wp-content\/uploads\/2021\/01\/Economistes.jpg\" alt=\"\" width=\"1356\" height=\"912\" srcset=\"https:\/\/mycor.iam.inrae.fr\/ARBRE\/wp-content\/uploads\/2021\/01\/Economistes.jpg 1356w, https:\/\/mycor.iam.inrae.fr\/ARBRE\/wp-content\/uploads\/2021\/01\/Economistes-300x202.jpg 300w, https:\/\/mycor.iam.inrae.fr\/ARBRE\/wp-content\/uploads\/2021\/01\/Economistes-768x517.jpg 768w, https:\/\/mycor.iam.inrae.fr\/ARBRE\/wp-content\/uploads\/2021\/01\/Economistes-1024x689.jpg 1024w, https:\/\/mycor.iam.inrae.fr\/ARBRE\/wp-content\/uploads\/2021\/01\/Economistes-800x538.jpg 800w, https:\/\/mycor.iam.inrae.fr\/ARBRE\/wp-content\/uploads\/2021\/01\/Economistes-446x300.jpg 446w\" sizes=\"auto, (max-width: 1356px) 100vw, 1356px\" \/><\/p>\n","protected":false},"excerpt":{"rendered":"<p>La for\u00eat et le bois sont des sujets pour la science \u2026 ou le LABEX ARBRE racont\u00e9 aux \u00e9tudiants pour la semaine de la science 2021 (cliquez sur les zones en gras (liens hypertexte) pour avoir des pr\u00e9cisions) Les for\u00eats &hellip; <a href=\"https:\/\/mycor.iam.inrae.fr\/ARBRE\/?p=12057\">Continuer la lecture <span class=\"meta-nav\">&rarr;<\/span><\/a><\/p>\n","protected":false},"author":2,"featured_media":0,"comment_status":"closed","ping_status":"closed","sticky":false,"template":"","format":"standard","meta":{"footnotes":""},"categories":[4],"tags":[],"class_list":["post-12057","post","type-post","status-publish","format-standard","hentry","category-evenements"],"_links":{"self":[{"href":"https:\/\/mycor.iam.inrae.fr\/ARBRE\/index.php?rest_route=\/wp\/v2\/posts\/12057","targetHints":{"allow":["GET"]}}],"collection":[{"href":"https:\/\/mycor.iam.inrae.fr\/ARBRE\/index.php?rest_route=\/wp\/v2\/posts"}],"about":[{"href":"https:\/\/mycor.iam.inrae.fr\/ARBRE\/index.php?rest_route=\/wp\/v2\/types\/post"}],"author":[{"embeddable":true,"href":"https:\/\/mycor.iam.inrae.fr\/ARBRE\/index.php?rest_route=\/wp\/v2\/users\/2"}],"replies":[{"embeddable":true,"href":"https:\/\/mycor.iam.inrae.fr\/ARBRE\/index.php?rest_route=%2Fwp%2Fv2%2Fcomments&post=12057"}],"version-history":[{"count":0,"href":"https:\/\/mycor.iam.inrae.fr\/ARBRE\/index.php?rest_route=\/wp\/v2\/posts\/12057\/revisions"}],"wp:attachment":[{"href":"https:\/\/mycor.iam.inrae.fr\/ARBRE\/index.php?rest_route=%2Fwp%2Fv2%2Fmedia&parent=12057"}],"wp:term":[{"taxonomy":"category","embeddable":true,"href":"https:\/\/mycor.iam.inrae.fr\/ARBRE\/index.php?rest_route=%2Fwp%2Fv2%2Fcategories&post=12057"},{"taxonomy":"post_tag","embeddable":true,"href":"https:\/\/mycor.iam.inrae.fr\/ARBRE\/index.php?rest_route=%2Fwp%2Fv2%2Ftags&post=12057"}],"curies":[{"name":"wp","href":"https:\/\/api.w.org\/{rel}","templated":true}]}}