{"id":12060,"date":"2021-01-08T16:59:17","date_gmt":"2021-01-08T16:59:17","guid":{"rendered":"https:\/\/mycor.iam.inrae.fr\/ARBRE\/?p=12060"},"modified":"2021-01-08T16:59:17","modified_gmt":"2021-01-08T16:59:17","slug":"francerelance-feuille-de-route-pour-ladaptation-des-forets-au-changement-climatique","status":"publish","type":"post","link":"https:\/\/mycor.iam.inrae.fr\/ARBRE\/?p=12060","title":{"rendered":"FranceRelance : feuille de route pour l\u2019adaptation des for\u00eats au changement climatique"},"content":{"rendered":"<div class=\"page\" title=\"Page 4\">\n<div class=\"layoutArea\">\n<div class=\"column\">\n<p>Depuis plusieurs ann\u00e9es, sous l\u2019effet du changement climatique, la for\u00eat fran\u00e7aise fait face \u00e0 des risques naturels s\u00e9v\u00e8res et croissants, comme la s\u00e8cheresse, les vagues de chaleur ou les inondations, mais \u00e9galement \u00e0 des risques sanitaires biotiques (invasion de scolytes, chenilles processionnaires, chalarose) engendrant des d\u00e9p\u00e9rissements importants dans de nombreux massifs forestiers. Depuis sa cr\u00e9ation, les partenaires du Labex ARBRE d\u00e9veloppent des programmes de recherche visant \u00e0 adapter la for\u00eat \u00e0 ces \u00e9volutions du climat et la rendre plus r\u00e9siliente.<\/p>\n<\/div>\n<\/div>\n<\/div>\n<p>Mardi 22 d\u00e9cembre 2020, les acteurs de la fili\u00e8re for\u00eat-bois ont remis au ministre de l\u2019Agriculture et de l\u2019Alimentation leur feuille de route pour l\u2019adaptation des for\u00eats au changement climatique, dont les orientations ont largement inspir\u00e9 le volet forestier du plan national de relance r\u00e9sultant de l&rsquo;\u00e9pid\u00e9mie de Covid-19. Le ministre a sign\u00e9 avec eux une charte d\u2019engagement pour la r\u00e9ussite du plan de relance et a annonc\u00e9 le lancement de nouveaux dispositifs. Les acteurs de la fili\u00e8re For\u00eats-Bois se retrouvent autour de 9 priorit\u00e9s dont plusieurs recoupent les priorit\u00e9s strat\u00e9giques du LabEx ARBRE :<\/p>\n<div class=\"page\" title=\"Page 5\">\n<div class=\"layoutArea\">\n<div class=\"column\">\n<p>\u2013 renforcer la coop\u00e9ration scientifique et les connaissances pour l\u2019adaptation des for\u00eats et de la fili\u00e8re for\u00eat-bois au changement climatique ;<\/p>\n<p>\u2013 diffuser et s\u2019approprier les connaissances acquises, d\u00e9velopper et centraliser les outils de diagnostic et d\u2019aide \u00e0 la d\u00e9cision face aux risques climatiques pour l\u2019adaptation ;<\/p>\n<p>\u2013 promouvoir les pratiques sylvicoles qui augmentent la r\u00e9silience, diminuent les risques et limitent l\u2019impact des crises ;<\/p>\n<p>\u2013 mobiliser les outils financiers permettant aux propri\u00e9taires d\u2019investir pour adapter leurs for\u00eats ;<\/p>\n<\/div>\n<div class=\"column\">\n<p>\u2013 conforter la veille et le suivi sanitaire, organiser la gestion de crises ;<\/p>\n<p>\u2013 renforcer et \u00e9tendre les dispositifs de pr\u00e9vention et de lutte contre les risques abiotiques, et notamment la d\u00e9fense contre les incendies (DFCI) ;<\/p>\n<p>\u2013 pr\u00e9parer et accompagner l&rsquo;adaptation de l\u2019amont de la fili\u00e8re, en d\u00e9veloppant une solidarit\u00e9 \u00e9largie de fili\u00e8re pour \u00eatre en mesure de pr\u00e9parer les ressources foresti\u00e8res futures ;<\/p>\n<p>\u2013 pr\u00e9parer et accompagner l&rsquo;adaptation des entreprises de l&rsquo;aval de la fili\u00e8re ;<\/p>\n<p>\u2013 renforcer le dialogue et la concertation, d\u00e9velopper l\u2019animation et la m\u00e9diation entre acteurs au sein des territoires.<\/p>\n<p>En remettant cette feuille de route, les acteurs de la for\u00eat et de la fili\u00e8re for\u00eat-bois marquent leurs souhaits de relever ce d\u00e9fi en s\u2019engageant sur des actions et des moyens n\u00e9ces- saires \u00e0 l\u2019adaptation des for\u00eats et de la fili\u00e8re au changement climatique.<\/p>\n<h2>Pour en savoir plus &#8230;<\/h2>\n<ul>\n<li><span class=\"file wysiwyg\"><a tabindex=\"0\" title=\"T\u00e9l\u00e9charger le fichier ''Feuille de route pour l'adaptation des for\u00eats au changement climatique'' [PDF, 206.8 Ko]\" href=\"https:\/\/agriculture.gouv.fr\/telecharger\/123421?token=4beb18b0c9c5ea4e439b9eded3e4ef1c580be84ff171a6cb981f35ef6a01fa7f\" target=\"_blank\" rel=\"noopener noreferrer\">Feuille de route pour l&rsquo;adaptation des for\u00eats au changement climatique (PDF, 206.8 Ko) <\/a><\/span><\/li>\n<li><span class=\"file wysiwyg\"><a tabindex=\"0\" title=\"T\u00e9l\u00e9charger le fichier ''Charte d'engagement entre l'\u00c9tat et les acteurs de la fili\u00e8re for\u00eat-bois'' [PDF, 74.34 Ko]\" href=\"https:\/\/agriculture.gouv.fr\/telecharger\/123424?token=4f66cf9ddc756140888afe10a0f5f0e5a1b3ba6854717bb1d1d3b050cf5aa1fa\" target=\"_blank\" rel=\"noopener noreferrer\">Charte d&rsquo;engagement entre l&rsquo;\u00c9tat et les acteurs de la fili\u00e8re for\u00eat-bois (PDF, 74.34 Ko) <\/a><\/span><\/li>\n<li><span class=\"file wysiwyg\"><a tabindex=\"0\" title=\"T\u00e9l\u00e9charger le fichier ''Dossier de presse - Le ministre de l'Agriculture et de l'Alimentation et l'ensemble des acteurs de la fili\u00e8re s'engagent pour l'adaptation des for\u00eats au changement climatique'' [PDF, 1.21 Mo]\" href=\"https:\/\/agriculture.gouv.fr\/telecharger\/123427?token=7f207eaa2be7a1383672da311be05008741a1f974f4572a6b1bb3550f30a36ca\" target=\"_blank\" rel=\"noopener noreferrer\">Dossier de presse &#8211; Le ministre de l&rsquo;Agriculture et de l&rsquo;Alimentation et l&rsquo;ensemble des acteurs de la fili\u00e8re s&rsquo;engagent pour l&rsquo;adaptation des for\u00eats au changement climatique (PDF, 1.21 Mo)<\/a><\/span><\/li>\n<\/ul>\n<p style=\"text-align: center;\"><img loading=\"lazy\" decoding=\"async\" class=\"alignleft size-full wp-image-12062\" src=\"https:\/\/mycor.iam.inrae.fr\/ARBRE\/wp-content\/uploads\/2021\/01\/Tranch\u00e9e-Saint-Paul.jpeg\" alt=\"\" width=\"640\" height=\"427\" srcset=\"https:\/\/mycor.iam.inrae.fr\/ARBRE\/wp-content\/uploads\/2021\/01\/Tranch\u00e9e-Saint-Paul.jpeg 640w, https:\/\/mycor.iam.inrae.fr\/ARBRE\/wp-content\/uploads\/2021\/01\/Tranch\u00e9e-Saint-Paul-300x200.jpeg 300w, https:\/\/mycor.iam.inrae.fr\/ARBRE\/wp-content\/uploads\/2021\/01\/Tranch\u00e9e-Saint-Paul-450x300.jpeg 450w\" sizes=\"auto, (max-width: 640px) 100vw, 640px\" \/><\/p>\n<\/div>\n<\/div>\n<\/div>\n","protected":false},"excerpt":{"rendered":"<p>Depuis plusieurs ann\u00e9es, sous l\u2019effet du changement climatique, la for\u00eat fran\u00e7aise fait face \u00e0 des risques naturels s\u00e9v\u00e8res et croissants, comme la s\u00e8cheresse, les vagues de chaleur ou les inondations, mais \u00e9galement \u00e0 des risques sanitaires biotiques (invasion de scolytes, &hellip; <a href=\"https:\/\/mycor.iam.inrae.fr\/ARBRE\/?p=12060\">Continuer la lecture <span class=\"meta-nav\">&rarr;<\/span><\/a><\/p>\n","protected":false},"author":2,"featured_media":0,"comment_status":"closed","ping_status":"closed","sticky":false,"template":"","format":"standard","meta":{"footnotes":""},"categories":[4],"tags":[],"class_list":["post-12060","post","type-post","status-publish","format-standard","hentry","category-evenements"],"_links":{"self":[{"href":"https:\/\/mycor.iam.inrae.fr\/ARBRE\/index.php?rest_route=\/wp\/v2\/posts\/12060","targetHints":{"allow":["GET"]}}],"collection":[{"href":"https:\/\/mycor.iam.inrae.fr\/ARBRE\/index.php?rest_route=\/wp\/v2\/posts"}],"about":[{"href":"https:\/\/mycor.iam.inrae.fr\/ARBRE\/index.php?rest_route=\/wp\/v2\/types\/post"}],"author":[{"embeddable":true,"href":"https:\/\/mycor.iam.inrae.fr\/ARBRE\/index.php?rest_route=\/wp\/v2\/users\/2"}],"replies":[{"embeddable":true,"href":"https:\/\/mycor.iam.inrae.fr\/ARBRE\/index.php?rest_route=%2Fwp%2Fv2%2Fcomments&post=12060"}],"version-history":[{"count":0,"href":"https:\/\/mycor.iam.inrae.fr\/ARBRE\/index.php?rest_route=\/wp\/v2\/posts\/12060\/revisions"}],"wp:attachment":[{"href":"https:\/\/mycor.iam.inrae.fr\/ARBRE\/index.php?rest_route=%2Fwp%2Fv2%2Fmedia&parent=12060"}],"wp:term":[{"taxonomy":"category","embeddable":true,"href":"https:\/\/mycor.iam.inrae.fr\/ARBRE\/index.php?rest_route=%2Fwp%2Fv2%2Fcategories&post=12060"},{"taxonomy":"post_tag","embeddable":true,"href":"https:\/\/mycor.iam.inrae.fr\/ARBRE\/index.php?rest_route=%2Fwp%2Fv2%2Ftags&post=12060"}],"curies":[{"name":"wp","href":"https:\/\/api.w.org\/{rel}","templated":true}]}}