{"id":12088,"date":"2021-01-21T17:27:02","date_gmt":"2021-01-21T17:27:02","guid":{"rendered":"https:\/\/mycor.iam.inrae.fr\/ARBRE\/?p=12088"},"modified":"2021-01-22T09:11:31","modified_gmt":"2021-01-22T09:11:31","slug":"les-10-ans-du-lermab-a-longwy","status":"publish","type":"post","link":"https:\/\/mycor.iam.inrae.fr\/ARBRE\/?p=12088","title":{"rendered":"Les 10 ans du LERMAB \u00e0 Longwy"},"content":{"rendered":"<p><img loading=\"lazy\" decoding=\"async\" class=\"alignleft wp-image-12090\" src=\"https:\/\/mycor.iam.inrae.fr\/ARBRE\/wp-content\/uploads\/2021\/01\/Capture-d\u2019\u00e9cran-2021-01-21-\u00e0-18.08.38.png\" alt=\"\" width=\"156\" height=\"159\" \/>En 2010, l\u2019Universit\u00e9 de Lorraine d\u00e9cide de lancer une nouvelle\u00a0activit\u00e9 de recherche en \u00e9nerg\u00e9tique et \u00e9co-mat\u00e9riaux \u00e0 Longwy, dans un emplacement frontalier, cr\u00e9ant ainsi la 3<sup>i\u00e8me<\/sup> antenne du Laboratoire LERMAB (apr\u00e8s Nancy et Epinal).<\/p>\n<p>Apr\u00e8s 10 ans d\u2019activit\u00e9, une production scientifique soutenue s\u2019est mise en place avec un fort investissement dans la formation doctorale. Ces activit\u00e9s ont \u00e9t\u00e9 confort\u00e9es par l&rsquo;organisation d\u2019une \u00e9cole th\u00e9matique Master \u2013 Doctorat, coupl\u00e9es \u00e0 deux s\u00e9ries de conf\u00e9rences internationales ICOME <a href=\"applewebdata:\/\/FF0B73C8-D7C8-4918-8BBD-8A0C9130B4CC#_ftn1\" name=\"_ftnref1\">[1]<\/a> en 2015 et EVF <a href=\"applewebdata:\/\/FF0B73C8-D7C8-4918-8BBD-8A0C9130B4CC#_ftn2\" name=\"_ftnref2\">[2]<\/a> en 2014.<\/p>\n<p>Avec l\u2019arriv\u00e9e de l\u2019antenne du LERMAB, le paysage \u00ab\u00a0recherche\u00a0\u00bb de l\u2019IUT de Longwy a gagn\u00e9 une coh\u00e9rence th\u00e9matique qui fait de l\u2019\u00e9nergie un noyau central dynamisant la recherche et l\u2019innovation.\u00a0Les ambitions les plus simples sont souvent les plus partag\u00e9es. Nous avions donc d\u00e9cid\u00e9 de d\u00e9velopper une activit\u00e9 \u00a0de recherche construite pour et avec l\u2019environnement socio-\u00e9conomique du Pays Haut lorrain. Le th\u00e8me \u00ab\u00a0<em>\u00e9nergie et b\u00e2timent durables<\/em>\u00a0\u00bb est un th\u00e8me porteur o\u00f9 la rupture technologique est possible et donc les d\u00e9fis permanents. Nos projets innovants sur le Bois \u2013 de l\u2019arbre \u00e0 la calorie \u2013 d\u00e9veloppe des recherches sur la paroi intelligente, la ville de demain, la valorisation \u00e9nerg\u00e9tique et la protection de l\u2019environnement.<\/p>\n<p>Au sein d&rsquo;une ville frontali\u00e8re comme Longwy, nous attachons une importance capitale \u00e0 la mobilit\u00e9. Une vingtaine de scientifiques et d&rsquo;\u00e9tudiants internationaux s\u00e9journe r\u00e9guli\u00e8rement dans notre laboratoire contribuant ainsi, d\u2019une certaine mani\u00e8re, \u00e0 compenser la l\u00e9gendaire fuite des cerveaux transfrontali\u00e8re.<\/p>\n<p><a href=\"applewebdata:\/\/FF0B73C8-D7C8-4918-8BBD-8A0C9130B4CC#_ftnref1\" name=\"_ftn1\">[1]<\/a> ICOME Int. Conf. Materials and Energy<\/p>\n<p><a href=\"applewebdata:\/\/FF0B73C8-D7C8-4918-8BBD-8A0C9130B4CC#_ftnref2\" name=\"_ftn2\">[2]<\/a> Energy and City of the Futur<\/p>\n<p><em>Pr M. El Ganaoui (mohammed.el-ganaoui@univ-lorraine.fr)<\/em><\/p>\n<p><strong>Pour une version longue, lire l&rsquo;article dans <a href=\"http:\/\/factuel.univ-lorraine.fr\/node\/15808?pk_campaign=nl_recherche&amp;pk_kwd=nl_recherche_04_15798\">FACTUEL<\/a><\/strong><\/p>\n","protected":false},"excerpt":{"rendered":"<p>En 2010, l\u2019Universit\u00e9 de Lorraine d\u00e9cide de lancer une nouvelle\u00a0activit\u00e9 de recherche en \u00e9nerg\u00e9tique et \u00e9co-mat\u00e9riaux \u00e0 Longwy, dans un emplacement frontalier, cr\u00e9ant ainsi la 3i\u00e8me antenne du Laboratoire LERMAB (apr\u00e8s Nancy et Epinal). Apr\u00e8s 10 ans d\u2019activit\u00e9, une production &hellip; <a href=\"https:\/\/mycor.iam.inrae.fr\/ARBRE\/?p=12088\">Continuer la lecture <span class=\"meta-nav\">&rarr;<\/span><\/a><\/p>\n","protected":false},"author":2,"featured_media":0,"comment_status":"closed","ping_status":"closed","sticky":false,"template":"","format":"standard","meta":{"footnotes":""},"categories":[1],"tags":[],"class_list":["post-12088","post","type-post","status-publish","format-standard","hentry","category-divers"],"_links":{"self":[{"href":"https:\/\/mycor.iam.inrae.fr\/ARBRE\/index.php?rest_route=\/wp\/v2\/posts\/12088","targetHints":{"allow":["GET"]}}],"collection":[{"href":"https:\/\/mycor.iam.inrae.fr\/ARBRE\/index.php?rest_route=\/wp\/v2\/posts"}],"about":[{"href":"https:\/\/mycor.iam.inrae.fr\/ARBRE\/index.php?rest_route=\/wp\/v2\/types\/post"}],"author":[{"embeddable":true,"href":"https:\/\/mycor.iam.inrae.fr\/ARBRE\/index.php?rest_route=\/wp\/v2\/users\/2"}],"replies":[{"embeddable":true,"href":"https:\/\/mycor.iam.inrae.fr\/ARBRE\/index.php?rest_route=%2Fwp%2Fv2%2Fcomments&post=12088"}],"version-history":[{"count":0,"href":"https:\/\/mycor.iam.inrae.fr\/ARBRE\/index.php?rest_route=\/wp\/v2\/posts\/12088\/revisions"}],"wp:attachment":[{"href":"https:\/\/mycor.iam.inrae.fr\/ARBRE\/index.php?rest_route=%2Fwp%2Fv2%2Fmedia&parent=12088"}],"wp:term":[{"taxonomy":"category","embeddable":true,"href":"https:\/\/mycor.iam.inrae.fr\/ARBRE\/index.php?rest_route=%2Fwp%2Fv2%2Fcategories&post=12088"},{"taxonomy":"post_tag","embeddable":true,"href":"https:\/\/mycor.iam.inrae.fr\/ARBRE\/index.php?rest_route=%2Fwp%2Fv2%2Ftags&post=12088"}],"curies":[{"name":"wp","href":"https:\/\/api.w.org\/{rel}","templated":true}]}}