{"id":12149,"date":"2021-03-04T13:17:13","date_gmt":"2021-03-04T13:17:13","guid":{"rendered":"https:\/\/mycor.iam.inrae.fr\/ARBRE\/?p=12149"},"modified":"2021-03-04T13:18:50","modified_gmt":"2021-03-04T13:18:50","slug":"prix-gili-agostinelli-2020-une-reconnaissance-internationale-decernee-a-francis-martin","status":"publish","type":"post","link":"https:\/\/mycor.iam.inrae.fr\/ARBRE\/?p=12149","title":{"rendered":"Prix Gili Agostinelli 2020 : une reconnaissance internationale d\u00e9cern\u00e9e \u00e0 Francis Martin"},"content":{"rendered":"<p><em>Le 1er mars dernier, Francis Martin, directeur de recherche INRAE au sein du laboratoire IAM (Interactions Arbres\/Micro-organismes) et directeur du LabEx ARBRE s\u2019est vu d\u00e9cerner le prix international Gili Agostinelli 2020 par l\u2019Acad\u00e9mie des Sciences de Turin. Une reconnaissance internationale de ses travaux de recherche sur la biologie et l\u2019\u00e9cologie des champignons forestiers.\u00a0<\/em><\/p>\n<p>La remise du Prix Gili Agostinelli s&rsquo;est d\u00e9roul\u00e9e lors de la C\u00e9r\u00e9monie d&rsquo;ouverture de l&rsquo;ann\u00e9e acad\u00e9mique 2020-21 de l&rsquo;Acad\u00e9mie des sciences de Turin le 1er mars dernier. Les conditions sanitaires n\u2019ayant pas permis un \u00e9v\u00e9nement sur place, <span style=\"color: #0000ff;\"><a style=\"color: #0000ff;\" href=\"https:\/\/www.youtube.com\/watch?v=DRDGzN1mMfs&amp;feature=youtu.be\" target=\"_blank\" rel=\"noopener noreferrer\">la c\u00e9r\u00e9monie a \u00e9t\u00e9 diffus\u00e9e en ligne<\/a><\/span>. Le Pr\u00e9sident de l&rsquo;Acad\u00e9mie a pr\u00e9cis\u00e9 dans son discours de remise du prix :\u00a0\u00ab\u00a0Francis Martin a d\u00e9velopp\u00e9 des recherches innovantes sur la biologie et l\u2019\u00e9cologie des champignons forestiers, bas\u00e9es sur la g\u00e9nomique comparative \u00e0 grande \u00e9chelle. Ces travaux ont conduit \u00e0 plusieurs publications dans les revues scientifiques prestigieuses (<em>Nature, Science, PNAS<\/em>). Le s\u00e9quen\u00e7age du g\u00e9nome du champignon symbiotique <em>Laccaria bicolor<\/em>, suivi de celui de la Truffe noire du P\u00e9rigord, tous deux publi\u00e9s dans la revue scientifique <em>Nature<\/em> (2008, 2010), ont constitu\u00e9 une avanc\u00e9e majeure dans la compr\u00e9hension du mode de vie des champignons symbiotiques. Avec ses contributions (de la g\u00e9nomique comparative \u00e0 la description des mol\u00e9cules de signalisation fongique), Francis Martin a fait \u00e9merger les symbioses mycorhiziennes du domaine des sp\u00e9cialistes dans lequel elles \u00e9taient rel\u00e9gu\u00e9es depuis les ann\u00e9es 70. Il nous a fait comprendre leur importance tant pour la biologie fondamentale, comprise comme la connaissance des processus de la vie, que pour la bonne sant\u00e9 des \u00e9cosyst\u00e8mes. Au-del\u00e0 des avanc\u00e9es qu\u2019il a r\u00e9alis\u00e9es en g\u00e9nomique (du peuplier, le premier arbre s\u00e9quenc\u00e9, aux champignons symbiotiques et pathog\u00e8nes), il faut rappeler d\u2019autres travaux majeurs, comme l&rsquo;identification chez les champignons mycorhiziens, de prot\u00e9ines de communication contr\u00f4lant l\u2019interaction entre les champignons symbiotiques et leurs arbres-h\u00f4tes.<\/p>\n<div>Gr\u00e2ce \u00e0 sa notori\u00e9t\u00e9, son parcours scientifique et les r\u00e9sultats de ses recherches, Francis Martin repr\u00e9sente un mod\u00e8le d\u2019excellence scientifique, capable de d\u00e9crypter avec les outils de la g\u00e9nomique les processus \u00e9cologiques et biologiques qui sont \u00e0 la base du bon fonctionnement de notre plan\u00e8te.\u00a0\u00bb<\/div>\n<div><\/div>\n<div>&#8212;&#8211;<\/div>\n<div><\/div>\n<div>Francis Martin fait partie des <span style=\"color: #0000ff;\"><a style=\"color: #0000ff;\" href=\"http:\/\/factuel.univ-lorraine.fr\/node\/15582\" target=\"_blank\" rel=\"noopener noreferrer\">cinq chercheurs lorrains \u00ab hautement cit\u00e9s \u00bb en 2020<\/a><\/span>, distinction prestigieuse suite \u00e0 la publication par la soci\u00e9t\u00e9 Clarivate Analytics d\u2019une liste des chercheurs ayant fait preuve d\u2019une influence internationale notable \u00e0 travers le nombre de publications hautement cit\u00e9es.<\/div>\n<div><\/div>\n<div style=\"text-align: center;\"><img loading=\"lazy\" decoding=\"async\" class=\"alignleft size-full wp-image-12150\" src=\"https:\/\/mycor.iam.inrae.fr\/ARBRE\/wp-content\/uploads\/2021\/03\/photo_francis_Premio-Gili-Agostinelli.png\" alt=\"\" width=\"886\" height=\"587\" srcset=\"https:\/\/mycor.iam.inrae.fr\/ARBRE\/wp-content\/uploads\/2021\/03\/photo_francis_Premio-Gili-Agostinelli.png 886w, https:\/\/mycor.iam.inrae.fr\/ARBRE\/wp-content\/uploads\/2021\/03\/photo_francis_Premio-Gili-Agostinelli-300x199.png 300w, https:\/\/mycor.iam.inrae.fr\/ARBRE\/wp-content\/uploads\/2021\/03\/photo_francis_Premio-Gili-Agostinelli-768x509.png 768w, https:\/\/mycor.iam.inrae.fr\/ARBRE\/wp-content\/uploads\/2021\/03\/photo_francis_Premio-Gili-Agostinelli-800x530.png 800w, https:\/\/mycor.iam.inrae.fr\/ARBRE\/wp-content\/uploads\/2021\/03\/photo_francis_Premio-Gili-Agostinelli-453x300.png 453w\" sizes=\"auto, (max-width: 886px) 100vw, 886px\" \/><\/div>\n","protected":false},"excerpt":{"rendered":"<p>Le 1er mars dernier, Francis Martin, directeur de recherche INRAE au sein du laboratoire IAM (Interactions Arbres\/Micro-organismes) et directeur du LabEx ARBRE s\u2019est vu d\u00e9cerner le prix international Gili Agostinelli 2020 par l\u2019Acad\u00e9mie des Sciences de Turin. Une reconnaissance internationale &hellip; <a href=\"https:\/\/mycor.iam.inrae.fr\/ARBRE\/?p=12149\">Continuer la lecture <span class=\"meta-nav\">&rarr;<\/span><\/a><\/p>\n","protected":false},"author":2,"featured_media":0,"comment_status":"closed","ping_status":"closed","sticky":false,"template":"","format":"standard","meta":{"footnotes":""},"categories":[4],"tags":[],"class_list":["post-12149","post","type-post","status-publish","format-standard","hentry","category-evenements"],"_links":{"self":[{"href":"https:\/\/mycor.iam.inrae.fr\/ARBRE\/index.php?rest_route=\/wp\/v2\/posts\/12149","targetHints":{"allow":["GET"]}}],"collection":[{"href":"https:\/\/mycor.iam.inrae.fr\/ARBRE\/index.php?rest_route=\/wp\/v2\/posts"}],"about":[{"href":"https:\/\/mycor.iam.inrae.fr\/ARBRE\/index.php?rest_route=\/wp\/v2\/types\/post"}],"author":[{"embeddable":true,"href":"https:\/\/mycor.iam.inrae.fr\/ARBRE\/index.php?rest_route=\/wp\/v2\/users\/2"}],"replies":[{"embeddable":true,"href":"https:\/\/mycor.iam.inrae.fr\/ARBRE\/index.php?rest_route=%2Fwp%2Fv2%2Fcomments&post=12149"}],"version-history":[{"count":0,"href":"https:\/\/mycor.iam.inrae.fr\/ARBRE\/index.php?rest_route=\/wp\/v2\/posts\/12149\/revisions"}],"wp:attachment":[{"href":"https:\/\/mycor.iam.inrae.fr\/ARBRE\/index.php?rest_route=%2Fwp%2Fv2%2Fmedia&parent=12149"}],"wp:term":[{"taxonomy":"category","embeddable":true,"href":"https:\/\/mycor.iam.inrae.fr\/ARBRE\/index.php?rest_route=%2Fwp%2Fv2%2Fcategories&post=12149"},{"taxonomy":"post_tag","embeddable":true,"href":"https:\/\/mycor.iam.inrae.fr\/ARBRE\/index.php?rest_route=%2Fwp%2Fv2%2Ftags&post=12149"}],"curies":[{"name":"wp","href":"https:\/\/api.w.org\/{rel}","templated":true}]}}