{"id":12154,"date":"2021-03-06T17:42:05","date_gmt":"2021-03-06T17:42:05","guid":{"rendered":"https:\/\/mycor.iam.inrae.fr\/ARBRE\/?p=12154"},"modified":"2021-03-06T17:42:05","modified_gmt":"2021-03-06T17:42:05","slug":"ecole-dete-formon","status":"publish","type":"post","link":"https:\/\/mycor.iam.inrae.fr\/ARBRE\/?p=12154","title":{"rendered":"Ecole d&rsquo;\u00e9t\u00e9 FORMON"},"content":{"rendered":"<p>L&rsquo;\u00e9cole d&rsquo;\u00e9t\u00e9 FORMON \u00ab\u00a0<em>Forest Monitoring to assess Forest Functioning under Air Pollution and Climate Change<\/em>\u00a0\u00bb organis\u00e9e par l&rsquo;ICP Forests, le SwissForestLab et le r\u00e9seau NFZ.forestnet se tiendra \u00e0 Davos en Suisse du 22 au 28 August 2021<\/p>\n<p>Pour plus d&rsquo;information, voir : https:\/\/www.wsl.ch\/en\/about-wsl\/events\/details\/swissforestlab-summer-school-2021.html<\/p>\n<p style=\"text-align: center;\"><img loading=\"lazy\" decoding=\"async\" class=\"alignleft size-full wp-image-12155\" src=\"https:\/\/mycor.iam.inrae.fr\/ARBRE\/wp-content\/uploads\/2021\/03\/EvucoKSXEAMx4y1.jpeg\" alt=\"\" width=\"482\" height=\"691\" srcset=\"https:\/\/mycor.iam.inrae.fr\/ARBRE\/wp-content\/uploads\/2021\/03\/EvucoKSXEAMx4y1.jpeg 482w, https:\/\/mycor.iam.inrae.fr\/ARBRE\/wp-content\/uploads\/2021\/03\/EvucoKSXEAMx4y1-209x300.jpeg 209w, https:\/\/mycor.iam.inrae.fr\/ARBRE\/wp-content\/uploads\/2021\/03\/EvucoKSXEAMx4y1-419x600.jpeg 419w\" sizes=\"auto, (max-width: 482px) 100vw, 482px\" \/><\/p>\n","protected":false},"excerpt":{"rendered":"<p>L&rsquo;\u00e9cole d&rsquo;\u00e9t\u00e9 FORMON \u00ab\u00a0Forest Monitoring to assess Forest Functioning under Air Pollution and Climate Change\u00a0\u00bb organis\u00e9e par l&rsquo;ICP Forests, le SwissForestLab et le r\u00e9seau NFZ.forestnet se tiendra \u00e0 Davos en Suisse du 22 au 28 August 2021 Pour plus d&rsquo;information, &hellip; <a href=\"https:\/\/mycor.iam.inrae.fr\/ARBRE\/?p=12154\">Continuer la lecture <span class=\"meta-nav\">&rarr;<\/span><\/a><\/p>\n","protected":false},"author":2,"featured_media":0,"comment_status":"closed","ping_status":"closed","sticky":false,"template":"","format":"standard","meta":{"footnotes":""},"categories":[5,35,6,32],"tags":[],"class_list":["post-12154","post","type-post","status-publish","format-standard","hentry","category-ateliers","category-conferences","category-reunions","category-seminaires"],"_links":{"self":[{"href":"https:\/\/mycor.iam.inrae.fr\/ARBRE\/index.php?rest_route=\/wp\/v2\/posts\/12154","targetHints":{"allow":["GET"]}}],"collection":[{"href":"https:\/\/mycor.iam.inrae.fr\/ARBRE\/index.php?rest_route=\/wp\/v2\/posts"}],"about":[{"href":"https:\/\/mycor.iam.inrae.fr\/ARBRE\/index.php?rest_route=\/wp\/v2\/types\/post"}],"author":[{"embeddable":true,"href":"https:\/\/mycor.iam.inrae.fr\/ARBRE\/index.php?rest_route=\/wp\/v2\/users\/2"}],"replies":[{"embeddable":true,"href":"https:\/\/mycor.iam.inrae.fr\/ARBRE\/index.php?rest_route=%2Fwp%2Fv2%2Fcomments&post=12154"}],"version-history":[{"count":0,"href":"https:\/\/mycor.iam.inrae.fr\/ARBRE\/index.php?rest_route=\/wp\/v2\/posts\/12154\/revisions"}],"wp:attachment":[{"href":"https:\/\/mycor.iam.inrae.fr\/ARBRE\/index.php?rest_route=%2Fwp%2Fv2%2Fmedia&parent=12154"}],"wp:term":[{"taxonomy":"category","embeddable":true,"href":"https:\/\/mycor.iam.inrae.fr\/ARBRE\/index.php?rest_route=%2Fwp%2Fv2%2Fcategories&post=12154"},{"taxonomy":"post_tag","embeddable":true,"href":"https:\/\/mycor.iam.inrae.fr\/ARBRE\/index.php?rest_route=%2Fwp%2Fv2%2Ftags&post=12154"}],"curies":[{"name":"wp","href":"https:\/\/api.w.org\/{rel}","templated":true}]}}