{"id":12237,"date":"2021-06-27T15:11:12","date_gmt":"2021-06-27T15:11:12","guid":{"rendered":"https:\/\/mycor.iam.inrae.fr\/ARBRE\/?p=12237"},"modified":"2021-06-27T15:11:12","modified_gmt":"2021-06-27T15:11:12","slug":"seminaire-labex-arbre-prof-markus-kleber","status":"publish","type":"post","link":"https:\/\/mycor.iam.inrae.fr\/ARBRE\/?p=12237","title":{"rendered":"s\u00e9minaire LabEx ARBRE : Prof. Markus Kleber"},"content":{"rendered":"<div class=\"\"><b class=\"\">Markus Kleber<\/b>\u00a0de l\u2019Oregon State University pr\u00e9sentera ses travaux de recherche, intitul\u00e9s :<\/div>\n<div class=\"\">\u00a0\u00ab\u00a0<b class=\"\">Beyond stabilization: the role of the mineral phase in soil carbon cycling\u00a0\u00bb<\/b><\/div>\n<div><\/div>\n<div class=\"\">le\u00a0<b class=\"\">jeudi 9 septembre 2021 \u00e0 10h30<\/b>\u00a0en salle de conf\u00e9rences du centre INRAE de Champenoux.<\/div>\n<div><\/div>\n<div class=\"\">Les travaux de Markus Kleber ont fortement contribu\u00e9 au\u00a0renouvellement de la vision de la dynamique des mati\u00e8res organiques dans les sols, remettant en cause le concept de r\u00e9calcitrance et d\u2019humification, et mettant en\u00a0exergue les processus de d\u00e9polym\u00e9risation progressive des mati\u00e8res organiques (voir Lehmann &amp; Kleber (2015)\u00a0<em>Nature<\/em>). Il a \u00e9galement beaucoup travaill\u00e9 sur les\u00a0interactions entre la mati\u00e8re organique de sols et des phases\u00a0min\u00e9rales.<\/div>\n<div><\/div>\n<div class=\"\">Dans le cadre de son s\u00e9minaire, iIl traitera du changement de paradigme concernant la d\u00e9gradation des mati\u00e8res organiques et de ses derniers travaux publi\u00e9s en mai 2021 dans\u00a0<em>Nature Reviews in Earth and Environment<\/em> sur la \u201cDynamic interactions at the\u00a0mineral\u2013organic matter interface\u00a0\u00bb.<\/div>\n","protected":false},"excerpt":{"rendered":"<p>Markus Kleber\u00a0de l\u2019Oregon State University pr\u00e9sentera ses travaux de recherche, intitul\u00e9s : \u00a0\u00ab\u00a0Beyond stabilization: the role of the mineral phase in soil carbon cycling\u00a0\u00bb le\u00a0jeudi 9 septembre 2021 \u00e0 10h30\u00a0en salle de conf\u00e9rences du centre INRAE de Champenoux. Les travaux &hellip; <a href=\"https:\/\/mycor.iam.inrae.fr\/ARBRE\/?p=12237\">Continuer la lecture <span class=\"meta-nav\">&rarr;<\/span><\/a><\/p>\n","protected":false},"author":2,"featured_media":0,"comment_status":"closed","ping_status":"closed","sticky":false,"template":"","format":"standard","meta":{"footnotes":""},"categories":[35],"tags":[],"class_list":["post-12237","post","type-post","status-publish","format-standard","hentry","category-conferences"],"_links":{"self":[{"href":"https:\/\/mycor.iam.inrae.fr\/ARBRE\/index.php?rest_route=\/wp\/v2\/posts\/12237","targetHints":{"allow":["GET"]}}],"collection":[{"href":"https:\/\/mycor.iam.inrae.fr\/ARBRE\/index.php?rest_route=\/wp\/v2\/posts"}],"about":[{"href":"https:\/\/mycor.iam.inrae.fr\/ARBRE\/index.php?rest_route=\/wp\/v2\/types\/post"}],"author":[{"embeddable":true,"href":"https:\/\/mycor.iam.inrae.fr\/ARBRE\/index.php?rest_route=\/wp\/v2\/users\/2"}],"replies":[{"embeddable":true,"href":"https:\/\/mycor.iam.inrae.fr\/ARBRE\/index.php?rest_route=%2Fwp%2Fv2%2Fcomments&post=12237"}],"version-history":[{"count":0,"href":"https:\/\/mycor.iam.inrae.fr\/ARBRE\/index.php?rest_route=\/wp\/v2\/posts\/12237\/revisions"}],"wp:attachment":[{"href":"https:\/\/mycor.iam.inrae.fr\/ARBRE\/index.php?rest_route=%2Fwp%2Fv2%2Fmedia&parent=12237"}],"wp:term":[{"taxonomy":"category","embeddable":true,"href":"https:\/\/mycor.iam.inrae.fr\/ARBRE\/index.php?rest_route=%2Fwp%2Fv2%2Fcategories&post=12237"},{"taxonomy":"post_tag","embeddable":true,"href":"https:\/\/mycor.iam.inrae.fr\/ARBRE\/index.php?rest_route=%2Fwp%2Fv2%2Ftags&post=12237"}],"curies":[{"name":"wp","href":"https:\/\/api.w.org\/{rel}","templated":true}]}}