{"id":12353,"date":"2021-09-02T15:19:01","date_gmt":"2021-09-02T15:19:01","guid":{"rendered":"https:\/\/mycor.iam.inrae.fr\/ARBRE\/?p=12353"},"modified":"2021-09-02T15:19:01","modified_gmt":"2021-09-02T15:19:01","slug":"citique-convention-partenariale-entre-inrae-et-le-cnpf","status":"publish","type":"post","link":"https:\/\/mycor.iam.inrae.fr\/ARBRE\/?p=12353","title":{"rendered":"CiTIQUE : convention partenariale entre INRAE et le CNPF"},"content":{"rendered":"<p>Ce vendredi 3 septembre, nous accueillerons sur le Centre \u00e0 Champenoux entre 12h et 16h, Philippe Mauguin (Pr\u00e9sident-Directeur G\u00e9n\u00e9ral d\u2019INRAE) et Claire Hubert (Directrice G\u00e9n\u00e9rale du CNPF) pour la signature de la convention partenariale entre INRAE et le CNPF autour du programme CiTIQUE, en la pr\u00e9sence de Nicole Trisse (D\u00e9put\u00e9e de la 5<sup>\u00e8me<\/sup> circonscription de Moselle), Dominique Potier (D\u00e9put\u00e9 de la 5<sup>\u00e8me<\/sup> circonscription de Meurthe et Moselle) et Pierre Mutzenhardt (Pr\u00e9sident de l\u2019Universit\u00e9 de Lorraine).<\/p>\n<p><em>Ce partenariat doit permettre de constituer une source importante de donn\u00e9es, utiles aux chercheurs d\u2019INRAE et aux autres laboratoires de recherche partenaires de CiTIQUE, pour approfondir leur connaissance sur l\u2019\u00e9cologie des tiques et pour \u00e9laborer des mod\u00e8les de risque. Cette collaboration est nou\u00e9e aussi dans le but de consolider la politique de pr\u00e9vention mise en place par le CNPF vis-\u00e0-vis de ses agents expos\u00e9s au risque pos\u00e9 par les maladies vectorielles \u00e0 tiques puisqu\u2019ils pourront signaler les piq\u00fbres de tiques survenues dans le cadre de leurs activit\u00e9s professionnelles.<\/em><\/p>\n","protected":false},"excerpt":{"rendered":"<p>Ce vendredi 3 septembre, nous accueillerons sur le Centre \u00e0 Champenoux entre 12h et 16h, Philippe Mauguin (Pr\u00e9sident-Directeur G\u00e9n\u00e9ral d\u2019INRAE) et Claire Hubert (Directrice G\u00e9n\u00e9rale du CNPF) pour la signature de la convention partenariale entre INRAE et le CNPF autour &hellip; <a href=\"https:\/\/mycor.iam.inrae.fr\/ARBRE\/?p=12353\">Continuer la lecture <span class=\"meta-nav\">&rarr;<\/span><\/a><\/p>\n","protected":false},"author":2,"featured_media":0,"comment_status":"closed","ping_status":"closed","sticky":false,"template":"","format":"standard","meta":{"footnotes":""},"categories":[4],"tags":[],"class_list":["post-12353","post","type-post","status-publish","format-standard","hentry","category-evenements"],"_links":{"self":[{"href":"https:\/\/mycor.iam.inrae.fr\/ARBRE\/index.php?rest_route=\/wp\/v2\/posts\/12353","targetHints":{"allow":["GET"]}}],"collection":[{"href":"https:\/\/mycor.iam.inrae.fr\/ARBRE\/index.php?rest_route=\/wp\/v2\/posts"}],"about":[{"href":"https:\/\/mycor.iam.inrae.fr\/ARBRE\/index.php?rest_route=\/wp\/v2\/types\/post"}],"author":[{"embeddable":true,"href":"https:\/\/mycor.iam.inrae.fr\/ARBRE\/index.php?rest_route=\/wp\/v2\/users\/2"}],"replies":[{"embeddable":true,"href":"https:\/\/mycor.iam.inrae.fr\/ARBRE\/index.php?rest_route=%2Fwp%2Fv2%2Fcomments&post=12353"}],"version-history":[{"count":0,"href":"https:\/\/mycor.iam.inrae.fr\/ARBRE\/index.php?rest_route=\/wp\/v2\/posts\/12353\/revisions"}],"wp:attachment":[{"href":"https:\/\/mycor.iam.inrae.fr\/ARBRE\/index.php?rest_route=%2Fwp%2Fv2%2Fmedia&parent=12353"}],"wp:term":[{"taxonomy":"category","embeddable":true,"href":"https:\/\/mycor.iam.inrae.fr\/ARBRE\/index.php?rest_route=%2Fwp%2Fv2%2Fcategories&post=12353"},{"taxonomy":"post_tag","embeddable":true,"href":"https:\/\/mycor.iam.inrae.fr\/ARBRE\/index.php?rest_route=%2Fwp%2Fv2%2Ftags&post=12353"}],"curies":[{"name":"wp","href":"https:\/\/api.w.org\/{rel}","templated":true}]}}