{"id":12355,"date":"2021-09-07T15:49:47","date_gmt":"2021-09-07T15:49:47","guid":{"rendered":"https:\/\/mycor.iam.inrae.fr\/ARBRE\/?p=12355"},"modified":"2021-09-07T15:50:09","modified_gmt":"2021-09-07T15:50:09","slug":"estival-des-sciences","status":"publish","type":"post","link":"https:\/\/mycor.iam.inrae.fr\/ARBRE\/?p=12355","title":{"rendered":"EST&rsquo;ival des Sciences"},"content":{"rendered":"<div>\n<p>L\u2019association <a href=\"https:\/\/www.communicasciences.eu\/index.html\">Communicasciences<\/a> a organis\u00e9 pour la premi\u00e8re fois cette\u00a0ann\u00e9e l\u2019<a href=\"https:\/\/www.echosciences-grandest.fr\/dossiers\/est-ival-des-sciences-2021\">EST\u2019ival des Sciences<\/a> : une tourn\u00e9e de 20 \u00e9v\u00e9nements de culture\u00a0scientifique dans tout le Grand Est, jusque dans les petites communes, du\u00a009 au 31 juillet 2021 \u00e0 raison de 2 interventions par d\u00e9partement. Les\u00a0interventions ont \u00e9t\u00e9 r\u00e9alis\u00e9es par des scientifiques issus de laboratoires\u00a0de recherche publique de la r\u00e9gion, accompagn\u00e9s par des m\u00e9diateurs de\u00a0l\u2019association afin d\u2019aborder une th\u00e9matique de recherche par commune. Les scientifiques du LabEx ARBRE ont particip\u00e9 \u00e0 cet \u00e9v\u00e9nement : Francis Martin est intervenu \u00e0 Doulaincourt-Saucourt en Haute-Marne et Ir\u00e8ne\u00a0Carravieri &amp;\u00a0Sandrine Capizzi sont intervenues dans le cadre de l&rsquo;initiative\u00a0CiTIQUE\u00a0\u00e0 Verzenay dans la Marne.<\/p>\n<p><img loading=\"lazy\" decoding=\"async\" class=\"wp-image-12356 aligncenter\" src=\"https:\/\/mycor.iam.inrae.fr\/ARBRE\/wp-content\/uploads\/2021\/09\/ESTival-des-Sciences_2021-Verzenay.jpg\" alt=\"\" width=\"327\" height=\"516\" \/><\/p>\n<p style=\"text-align: center;\"><img loading=\"lazy\" decoding=\"async\" class=\"wp-image-12357 aligncenter\" src=\"https:\/\/mycor.iam.inrae.fr\/ARBRE\/wp-content\/uploads\/2021\/09\/ESTival-des-Sciences_2021-Doulaincourt-Saucourt.jpg\" alt=\"\" width=\"336\" height=\"444\" \/><\/p>\n<\/div>\n","protected":false},"excerpt":{"rendered":"<p>L\u2019association Communicasciences a organis\u00e9 pour la premi\u00e8re fois cette\u00a0ann\u00e9e l\u2019EST\u2019ival des Sciences : une tourn\u00e9e de 20 \u00e9v\u00e9nements de culture\u00a0scientifique dans tout le Grand Est, jusque dans les petites communes, du\u00a009 au 31 juillet 2021 \u00e0 raison de 2 interventions &hellip; <a href=\"https:\/\/mycor.iam.inrae.fr\/ARBRE\/?p=12355\">Continuer la lecture <span class=\"meta-nav\">&rarr;<\/span><\/a><\/p>\n","protected":false},"author":2,"featured_media":0,"comment_status":"closed","ping_status":"closed","sticky":false,"template":"","format":"standard","meta":{"footnotes":""},"categories":[35,4],"tags":[],"class_list":["post-12355","post","type-post","status-publish","format-standard","hentry","category-conferences","category-evenements"],"_links":{"self":[{"href":"https:\/\/mycor.iam.inrae.fr\/ARBRE\/index.php?rest_route=\/wp\/v2\/posts\/12355","targetHints":{"allow":["GET"]}}],"collection":[{"href":"https:\/\/mycor.iam.inrae.fr\/ARBRE\/index.php?rest_route=\/wp\/v2\/posts"}],"about":[{"href":"https:\/\/mycor.iam.inrae.fr\/ARBRE\/index.php?rest_route=\/wp\/v2\/types\/post"}],"author":[{"embeddable":true,"href":"https:\/\/mycor.iam.inrae.fr\/ARBRE\/index.php?rest_route=\/wp\/v2\/users\/2"}],"replies":[{"embeddable":true,"href":"https:\/\/mycor.iam.inrae.fr\/ARBRE\/index.php?rest_route=%2Fwp%2Fv2%2Fcomments&post=12355"}],"version-history":[{"count":0,"href":"https:\/\/mycor.iam.inrae.fr\/ARBRE\/index.php?rest_route=\/wp\/v2\/posts\/12355\/revisions"}],"wp:attachment":[{"href":"https:\/\/mycor.iam.inrae.fr\/ARBRE\/index.php?rest_route=%2Fwp%2Fv2%2Fmedia&parent=12355"}],"wp:term":[{"taxonomy":"category","embeddable":true,"href":"https:\/\/mycor.iam.inrae.fr\/ARBRE\/index.php?rest_route=%2Fwp%2Fv2%2Fcategories&post=12355"},{"taxonomy":"post_tag","embeddable":true,"href":"https:\/\/mycor.iam.inrae.fr\/ARBRE\/index.php?rest_route=%2Fwp%2Fv2%2Ftags&post=12355"}],"curies":[{"name":"wp","href":"https:\/\/api.w.org\/{rel}","templated":true}]}}