{"id":12480,"date":"2022-03-28T08:01:48","date_gmt":"2022-03-28T08:01:48","guid":{"rendered":"https:\/\/mycor.iam.inrae.fr\/ARBRE\/?p=12480"},"modified":"2022-04-28T09:18:39","modified_gmt":"2022-04-28T09:18:39","slug":"a-vos-agendas-matinees-thematiques-du-wp2","status":"publish","type":"post","link":"https:\/\/mycor.iam.inrae.fr\/ARBRE\/?p=12480","title":{"rendered":"A vos agendas : matin\u00e9es th\u00e9matiques du WP2 du LabEx ARBRE"},"content":{"rendered":"<p>Delphine DERRIEN et Matthias CUNTZ, animateurs du Work package 2\u00a0 \u00ab\u00a0Ecologie fonctionnelle\u00a0\u00bb du LabEx ARBRE vous invitent \u00e0 participer \u00e0 deux matin\u00e9es th\u00e9matiques les :<\/p>\n<ul>\n<li><strong>Lundi 25 avril 2022 de 9h30 \u00e0 12h en salle de conf\u00e9rence \u00e0 INRAE Champenoux<\/strong> : \u00ab\u00a0Les enjeux de l\u2019att\u00e9nuation du changement climatique\u00a0\u00bb<strong>.<br \/>\n<\/strong>3 expos\u00e9s g\u00e9n\u00e9raux, destin\u00e9s \u00e0 un large public, vous seront propos\u00e9s :<strong><br \/>\n<\/strong><strong>&#8211;\u00a0<\/strong>Principes et impacts du changement climatique, par Emilie Joetzjer, INRAE UMR Silva.<br \/>\n&#8211; Atteindre la neutralit\u00e9 carbone en 2050: la trajectoire Fran\u00e7aise, par Laurent Saint Andr\u00e9, INRAE UR BEF.<br \/>\n&#8211; Probl\u00e8mes et contraintes g\u00e9ographiques du Pacte vert europ\u00e9en, par Michel Deshaies, Universit\u00e9 de Lorraine &#8211; Loterr.<br \/>\n=&gt; Retrouvez les pr\u00e9sentations <a href=\"https:\/\/mycor.iam.inrae.fr\/ARBRE\/?page_id=12507\"><strong>ici<\/strong><\/a><\/li>\n<\/ul>\n<ul>\n<li><strong>mercredi 18 mai 2022 de 9h30 \u00e0 12h en salle de conf\u00e9rence \u00e0 INRAE<\/strong> <strong>Champenoux<\/strong> : \u00ab\u00a0Le Douglas, travaux de recherche men\u00e9s dans la communaut\u00e9 ARBRE\u00a0\u00bb<br \/>\nDes expos\u00e9s scientifiques courts offriront un panorama des travaux de recherche actuellement men\u00e9s dans la communaut\u00e9 ARBRE autour du Douglas. Le programme est en cours de finalisation.<\/li>\n<\/ul>\n<p>En esp\u00e9rant vous voir nombreux \u00e0 ces matin\u00e9es !<\/p>\n","protected":false},"excerpt":{"rendered":"<p>Delphine DERRIEN et Matthias CUNTZ, animateurs du Work package 2\u00a0 \u00ab\u00a0Ecologie fonctionnelle\u00a0\u00bb du LabEx ARBRE vous invitent \u00e0 participer \u00e0 deux matin\u00e9es th\u00e9matiques les : Lundi 25 avril 2022 de 9h30 \u00e0 12h en salle de conf\u00e9rence \u00e0 INRAE Champenoux &hellip; <a href=\"https:\/\/mycor.iam.inrae.fr\/ARBRE\/?p=12480\">Continuer la lecture <span class=\"meta-nav\">&rarr;<\/span><\/a><\/p>\n","protected":false},"author":9,"featured_media":0,"comment_status":"closed","ping_status":"closed","sticky":false,"template":"","format":"standard","meta":{"footnotes":""},"categories":[4],"tags":[],"class_list":["post-12480","post","type-post","status-publish","format-standard","hentry","category-evenements"],"_links":{"self":[{"href":"https:\/\/mycor.iam.inrae.fr\/ARBRE\/index.php?rest_route=\/wp\/v2\/posts\/12480","targetHints":{"allow":["GET"]}}],"collection":[{"href":"https:\/\/mycor.iam.inrae.fr\/ARBRE\/index.php?rest_route=\/wp\/v2\/posts"}],"about":[{"href":"https:\/\/mycor.iam.inrae.fr\/ARBRE\/index.php?rest_route=\/wp\/v2\/types\/post"}],"author":[{"embeddable":true,"href":"https:\/\/mycor.iam.inrae.fr\/ARBRE\/index.php?rest_route=\/wp\/v2\/users\/9"}],"replies":[{"embeddable":true,"href":"https:\/\/mycor.iam.inrae.fr\/ARBRE\/index.php?rest_route=%2Fwp%2Fv2%2Fcomments&post=12480"}],"version-history":[{"count":0,"href":"https:\/\/mycor.iam.inrae.fr\/ARBRE\/index.php?rest_route=\/wp\/v2\/posts\/12480\/revisions"}],"wp:attachment":[{"href":"https:\/\/mycor.iam.inrae.fr\/ARBRE\/index.php?rest_route=%2Fwp%2Fv2%2Fmedia&parent=12480"}],"wp:term":[{"taxonomy":"category","embeddable":true,"href":"https:\/\/mycor.iam.inrae.fr\/ARBRE\/index.php?rest_route=%2Fwp%2Fv2%2Fcategories&post=12480"},{"taxonomy":"post_tag","embeddable":true,"href":"https:\/\/mycor.iam.inrae.fr\/ARBRE\/index.php?rest_route=%2Fwp%2Fv2%2Ftags&post=12480"}],"curies":[{"name":"wp","href":"https:\/\/api.w.org\/{rel}","templated":true}]}}