{"id":12523,"date":"2022-05-11T07:58:43","date_gmt":"2022-05-11T07:58:43","guid":{"rendered":"https:\/\/mycor.iam.inrae.fr\/ARBRE\/?p=12523"},"modified":"2022-10-06T07:27:04","modified_gmt":"2022-10-06T07:27:04","slug":"seminaire-agroparistech-nancy-24-mai-2022","status":"publish","type":"post","link":"https:\/\/mycor.iam.inrae.fr\/ARBRE\/?p=12523","title":{"rendered":"S\u00e9minaire AgroParisTech Nancy &#8211; 24\/05\/22"},"content":{"rendered":"<p>Nous avons l\u2019immense plaisir de vous annoncer le lancement du\u00a0<strong>S\u00e9minaire du campus AgroParisTech \u00e0 Nancy<\/strong>, con\u00e7u comme un lieu d\u2019\u00e9change et d\u2019animation scientifique des trois acteurs du site (UMR BETA, IGN \/ ENSG &#8211; LIF, et UMR Silva), et ouvert \u00e0 tous les autres coll\u00e8gues, \u00e9tudiants et int\u00e9ress\u00e9s qui voudraient y participer. <strong>Nicolas Picard, chercheur et directeur du GIP Ecofor<\/strong>, nous fera l\u2019honneur d\u2019inaugurer le s\u00e9minaire avec son intervention qui portera sur : <em>\u00ab La structure foresti\u00e8re d\u00e9coule-t-elle de la d\u00e9mographie des arbres ou de la comp\u00e9tition pour les ressources ? Apport de la mod\u00e9lisation orient\u00e9e pattern pour y voir plus clair \u00bb, <\/em>lors de la premi\u00e8re s\u00e9ance qui aura lieu\u00a0<strong>le\u00a0<\/strong><strong>24 mai 2022<\/strong><strong>, \u00e0 14h, dans l\u2019amphith\u00e9\u00e2tre A (pavillon Nanquette, AgroParisTech, 14 Rue Girardet, 54000 Nancy).<\/strong><\/p>\n<p><strong><em>R\u00e9sum\u00e9 :\u00a0<\/em><\/strong><em>La mod\u00e9lisation orient\u00e9e pattern prend comme point de d\u00e9part un pattern et vise \u00e0 construire un mod\u00e8le s\u2019appuyant sur un ensemble minimal de processus permettant de reproduire ce pattern. La distribution diam\u00e9trique des arbres en forme de J invers\u00e9 est un pattern r\u00e9current de la structure foresti\u00e8re dans les for\u00eats naturelles. Deux th\u00e9ories se proposent d\u2019en rendre compte : l\u2019\u00e9quilibre d\u00e9mographique et la \u00ab metabolic scaling theory \u00bb. Les observations, si elles penchent davantage en faveur de la premi\u00e8re que de la seconde, indiquent en fait un pattern interm\u00e9diaire qui peut \u00eatre pr\u00e9dit par un mod\u00e8le orient\u00e9 pattern. Ce mod\u00e8le peut ensuite \u00eatre utilis\u00e9 comme mod\u00e8le nul pour raisonner en termes d\u2019\u00e9cart \u00e0 la structure foresti\u00e8re pr\u00e9dite par le mod\u00e8le plut\u00f4t que directement en termes de structure foresti\u00e8re. Cette approche a l\u2019avantage de r\u00e9v\u00e9ler des patterns dans la typologie des for\u00eats \u00e0 l\u2019\u00e9chelle macro-\u00e9cologique qui sont plus difficiles \u00e0 percevoir quand on analyse directement les structures foresti\u00e8res. Les exemples pr\u00e9sent\u00e9s portent sur les for\u00eats tropicales. L\u2019approche propos\u00e9e pourrait toutefois avoir aussi une utilit\u00e9 pour cartographier les for\u00eats temp\u00e9r\u00e9es matures qui font l\u2019objet d\u2019une grande attention dans le cadre de la strat\u00e9gie sur la biodiversit\u00e9 de l\u2019Union europ\u00e9enne ou du Cadre mondial post-2020 pour la biodiversit\u00e9 de la Convention sur la diversit\u00e9 biologique.<\/em><\/p>\n<p>Le s\u00e9minaire prendra la forme d\u2019une s\u00e9rie d&rsquo;interventions mensuelles et multidisciplinaires gravitant comme cette premi\u00e8re \u00e9dition autour de la for\u00eat, le but \u00e9tant de contribuer \u00e0 la dynamique du site, d\u2019encourager les collaborations et d\u2019am\u00e9liorer notre visibilit\u00e9. Donc, si vous avez des questions, des id\u00e9es et des propositions, n\u2019h\u00e9sitez pas \u00e0 nous contacter.<\/p>\n<p>Equipe d\u2019organisation : Sandrine Br\u00e8teau-Amores (UMR BETA, <a href=\"mailto:sandrine.breteau-amores@inrae.fr\">sandrine.breteau-amores@inrae.fr<\/a>), Nikola Besic (IGN \/ ENSG &#8211; LIF, <a href=\"mailto:nikola.besic@ign.fr\">nikola.besic@ign.fr<\/a>) et\u00a0Julien Sainte-Marie (UMR Silva,\u00a0<a href=\"mailto:julien.sainte-marie@agroparistech.fr\">julien.sainte-marie@agroparistech.fr)<\/a><\/p>\n","protected":false},"excerpt":{"rendered":"<p>Nous avons l\u2019immense plaisir de vous annoncer le lancement du\u00a0S\u00e9minaire du campus AgroParisTech \u00e0 Nancy, con\u00e7u comme un lieu d\u2019\u00e9change et d\u2019animation scientifique des trois acteurs du site (UMR BETA, IGN \/ ENSG &#8211; LIF, et UMR Silva), et ouvert &hellip; <a href=\"https:\/\/mycor.iam.inrae.fr\/ARBRE\/?p=12523\">Continuer la lecture <span class=\"meta-nav\">&rarr;<\/span><\/a><\/p>\n","protected":false},"author":9,"featured_media":0,"comment_status":"closed","ping_status":"closed","sticky":false,"template":"","format":"standard","meta":{"footnotes":""},"categories":[35],"tags":[],"class_list":["post-12523","post","type-post","status-publish","format-standard","hentry","category-conferences"],"_links":{"self":[{"href":"https:\/\/mycor.iam.inrae.fr\/ARBRE\/index.php?rest_route=\/wp\/v2\/posts\/12523","targetHints":{"allow":["GET"]}}],"collection":[{"href":"https:\/\/mycor.iam.inrae.fr\/ARBRE\/index.php?rest_route=\/wp\/v2\/posts"}],"about":[{"href":"https:\/\/mycor.iam.inrae.fr\/ARBRE\/index.php?rest_route=\/wp\/v2\/types\/post"}],"author":[{"embeddable":true,"href":"https:\/\/mycor.iam.inrae.fr\/ARBRE\/index.php?rest_route=\/wp\/v2\/users\/9"}],"replies":[{"embeddable":true,"href":"https:\/\/mycor.iam.inrae.fr\/ARBRE\/index.php?rest_route=%2Fwp%2Fv2%2Fcomments&post=12523"}],"version-history":[{"count":0,"href":"https:\/\/mycor.iam.inrae.fr\/ARBRE\/index.php?rest_route=\/wp\/v2\/posts\/12523\/revisions"}],"wp:attachment":[{"href":"https:\/\/mycor.iam.inrae.fr\/ARBRE\/index.php?rest_route=%2Fwp%2Fv2%2Fmedia&parent=12523"}],"wp:term":[{"taxonomy":"category","embeddable":true,"href":"https:\/\/mycor.iam.inrae.fr\/ARBRE\/index.php?rest_route=%2Fwp%2Fv2%2Fcategories&post=12523"},{"taxonomy":"post_tag","embeddable":true,"href":"https:\/\/mycor.iam.inrae.fr\/ARBRE\/index.php?rest_route=%2Fwp%2Fv2%2Ftags&post=12523"}],"curies":[{"name":"wp","href":"https:\/\/api.w.org\/{rel}","templated":true}]}}