{"id":12756,"date":"2022-09-02T13:16:46","date_gmt":"2022-09-02T13:16:46","guid":{"rendered":"https:\/\/mycor.iam.inrae.fr\/ARBRE\/?p=12756"},"modified":"2022-11-07T13:15:42","modified_gmt":"2022-11-07T13:15:42","slug":"lancement-de-lappel-a-projets-labex-arbre-2023","status":"publish","type":"post","link":"https:\/\/mycor.iam.inrae.fr\/ARBRE\/?p=12756","title":{"rendered":"Lancement de l&rsquo;appel \u00e0 projets LabEx ARBRE 2023"},"content":{"rendered":"<p><a href=\"https:\/\/mycor.iam.inrae.fr\/ARBRE\/wp-content\/uploads\/2022\/09\/Bandeau.png\"><img loading=\"lazy\" decoding=\"async\" class=\"alignnone size-full wp-image-12759\" src=\"https:\/\/mycor.iam.inrae.fr\/ARBRE\/wp-content\/uploads\/2022\/09\/Bandeau.png\" alt=\"\" width=\"2550\" height=\"520\" srcset=\"https:\/\/mycor.iam.inrae.fr\/ARBRE\/wp-content\/uploads\/2022\/09\/Bandeau.png 2550w, https:\/\/mycor.iam.inrae.fr\/ARBRE\/wp-content\/uploads\/2022\/09\/Bandeau-300x61.png 300w, https:\/\/mycor.iam.inrae.fr\/ARBRE\/wp-content\/uploads\/2022\/09\/Bandeau-1024x209.png 1024w, https:\/\/mycor.iam.inrae.fr\/ARBRE\/wp-content\/uploads\/2022\/09\/Bandeau-768x157.png 768w, https:\/\/mycor.iam.inrae.fr\/ARBRE\/wp-content\/uploads\/2022\/09\/Bandeau-800x163.png 800w, https:\/\/mycor.iam.inrae.fr\/ARBRE\/wp-content\/uploads\/2022\/09\/Bandeau-1536x313.png 1536w, https:\/\/mycor.iam.inrae.fr\/ARBRE\/wp-content\/uploads\/2022\/09\/Bandeau-2048x418.png 2048w, https:\/\/mycor.iam.inrae.fr\/ARBRE\/wp-content\/uploads\/2022\/09\/Bandeau-500x102.png 500w\" sizes=\"auto, (max-width: 2550px) 100vw, 2550px\" \/><\/a><\/p>\n<p style=\"text-align: justify;\">L\u2019<span style=\"color: #000000;\">AAP 2023<\/span> a pour objectif de soutenir des projets originaux en accord avec les <span style=\"color: #0000ff;\"><a style=\"color: #0000ff;\" href=\"https:\/\/mycor.iam.inrae.fr\/ARBRE\/?page_id=109\">six actions th\u00e9matiques d\u2019ARBRE<\/a><\/span>, se situant sur des fronts de science ou pr\u00e9sentant un potentiel de valorisation ou de formation important. Il est ouvert aux membres de la communaut\u00e9 du LabEx ARBRE.<\/p>\n<p style=\"text-align: justify;\">Dans le cadre de son appel \u00e0 projets 2023, le LABEX financera :<\/p>\n<ul>\n<li style=\"text-align: justify;\"><strong>7 projets innovants <\/strong>qui disposeront chacun d\u2019une dotation de 60 000 \u20ac maximum correspondant au financement d\u2019un contrat postdoctoral ou d\u2019un CDD (niveau ing\u00e9nieur) de 12 mois maximum, d\u2019indemnit\u00e9s de stage de Master ou encore au financement de d\u00e9penses de consommables, missions, petits \u00e9quipements, main d\u2019\u0153uvre.<\/li>\n<\/ul>\n<ul>\n<li style=\"text-align: justify;\"><strong>12 projets incitatifs <\/strong>qui disposeront d\u2019une dotation annuelle de 10 000 \u20ac maximum (fonctionnement, missions, petit \u00e9quipement, stage, main d&rsquo;\u0153uvre).<\/li>\n<\/ul>\n<p><strong>Date limite de d\u00e9p\u00f4t des projets : <span style=\"text-decoration: underline;\">31 octobre 2022<\/span><span style=\"color: #ff6600;\"><br \/>\n<\/span><\/strong>par e-mail \u00e0: <span style=\"color: #0000ff;\"><a style=\"color: #0000ff;\" href=\"mailto:labex-arbre-nancy@inrae.fr\">labex-arbre-nancy@inrae.fr<\/a><\/span><\/p>\n<p><u>Plus d&rsquo;informations<\/u> <strong>: <\/strong><span style=\"color: #0000ff;\"><a style=\"color: #0000ff;\" href=\"https:\/\/mycor.iam.inrae.fr\/ARBRE\/?page_id=12425\">https:\/\/mycor.iam.inrae.fr\/ARBRE\/?page_id=12425<\/a><\/span><\/p>\n","protected":false},"excerpt":{"rendered":"<p>L\u2019AAP 2023 a pour objectif de soutenir des projets originaux en accord avec les six actions th\u00e9matiques d\u2019ARBRE, se situant sur des fronts de science ou pr\u00e9sentant un potentiel de valorisation ou de formation important. Il est ouvert aux membres &hellip; <a href=\"https:\/\/mycor.iam.inrae.fr\/ARBRE\/?p=12756\">Continuer la lecture <span class=\"meta-nav\">&rarr;<\/span><\/a><\/p>\n","protected":false},"author":9,"featured_media":0,"comment_status":"closed","ping_status":"closed","sticky":false,"template":"","format":"standard","meta":{"footnotes":""},"categories":[7],"tags":[],"class_list":["post-12756","post","type-post","status-publish","format-standard","hentry","category-appel-doffre"],"_links":{"self":[{"href":"https:\/\/mycor.iam.inrae.fr\/ARBRE\/index.php?rest_route=\/wp\/v2\/posts\/12756","targetHints":{"allow":["GET"]}}],"collection":[{"href":"https:\/\/mycor.iam.inrae.fr\/ARBRE\/index.php?rest_route=\/wp\/v2\/posts"}],"about":[{"href":"https:\/\/mycor.iam.inrae.fr\/ARBRE\/index.php?rest_route=\/wp\/v2\/types\/post"}],"author":[{"embeddable":true,"href":"https:\/\/mycor.iam.inrae.fr\/ARBRE\/index.php?rest_route=\/wp\/v2\/users\/9"}],"replies":[{"embeddable":true,"href":"https:\/\/mycor.iam.inrae.fr\/ARBRE\/index.php?rest_route=%2Fwp%2Fv2%2Fcomments&post=12756"}],"version-history":[{"count":0,"href":"https:\/\/mycor.iam.inrae.fr\/ARBRE\/index.php?rest_route=\/wp\/v2\/posts\/12756\/revisions"}],"wp:attachment":[{"href":"https:\/\/mycor.iam.inrae.fr\/ARBRE\/index.php?rest_route=%2Fwp%2Fv2%2Fmedia&parent=12756"}],"wp:term":[{"taxonomy":"category","embeddable":true,"href":"https:\/\/mycor.iam.inrae.fr\/ARBRE\/index.php?rest_route=%2Fwp%2Fv2%2Fcategories&post=12756"},{"taxonomy":"post_tag","embeddable":true,"href":"https:\/\/mycor.iam.inrae.fr\/ARBRE\/index.php?rest_route=%2Fwp%2Fv2%2Ftags&post=12756"}],"curies":[{"name":"wp","href":"https:\/\/api.w.org\/{rel}","templated":true}]}}