{"id":12991,"date":"2022-10-05T09:15:53","date_gmt":"2022-10-05T09:15:53","guid":{"rendered":"https:\/\/mycor.iam.inrae.fr\/ARBRE\/?p=12991"},"modified":"2022-10-07T08:29:30","modified_gmt":"2022-10-07T08:29:30","slug":"a-propos-de-la-cop27","status":"publish","type":"post","link":"https:\/\/mycor.iam.inrae.fr\/ARBRE\/?p=12991","title":{"rendered":"A propos de la COP27"},"content":{"rendered":"<p style=\"text-align: justify;\"><a href=\"https:\/\/mycor.iam.inrae.fr\/ARBRE\/wp-content\/uploads\/2022\/10\/Screen-Shot-10-07-22-at-10.22-AM.png\"><img loading=\"lazy\" decoding=\"async\" class=\"size-thumbnail wp-image-13029 alignleft\" src=\"https:\/\/mycor.iam.inrae.fr\/ARBRE\/wp-content\/uploads\/2022\/10\/Screen-Shot-10-07-22-at-10.22-AM-150x150.png\" alt=\"\" width=\"150\" height=\"150\" srcset=\"https:\/\/mycor.iam.inrae.fr\/ARBRE\/wp-content\/uploads\/2022\/10\/Screen-Shot-10-07-22-at-10.22-AM-150x150.png 150w, https:\/\/mycor.iam.inrae.fr\/ARBRE\/wp-content\/uploads\/2022\/10\/Screen-Shot-10-07-22-at-10.22-AM-50x50.png 50w\" sizes=\"auto, (max-width: 150px) 100vw, 150px\" \/><\/a>Une d\u00e9l\u00e9gation d\u2019observateurs, d&rsquo;\u00e9tudiants et de doctorants de l&rsquo;AgroParisTech va participer \u00e0 la prochaine conf\u00e9rence des Nations Unies sur le r\u00e9chauffement climatique COP27 \u00e0 Sharm-El-Sheikh, en Egypte pour prendre action sur place et rendre compte de ce qu\u2019il s\u2019y passe \u00e0 la communaut\u00e9 de l\u2019\u00e9cole, avec cette ann\u00e9e, la participation du LabEx ARBRE. Si vous \u00eates concern\u00e9.e par le r\u00e9chauffement climatique, avide d\u2019en savoir plus sur ces n\u00e9gociations internationales, ce qu\u2019elles peuvent accomplir et leurs limites, de partager votre avis sur la l\u00e9gitimit\u00e9 des COPs, cette d\u00e9l\u00e9gation vous invite \u00e0 une r\u00e9union d&rsquo;\u00e9changes<strong> le<\/strong><strong> mardi 11 octobre de 18h \u00e0 19h30<\/strong><strong>\u00a0 <\/strong><strong>\u00e0<\/strong><strong> Saclay<\/strong> (Amphi B1.01) ou <strong>\u00e0 <\/strong><strong>Nancy<\/strong> (Amphi A, b\u00e2timent Nanquette).<br \/>\n<em>Pour toute question, vous pouvez contacter : <\/em><a href=\"mailto:sydney.vennin@gmail.com\"><span style=\"color: #0000ff;\"><em>sydney.vennin@gmail.com<\/em><\/span><\/a><\/p>\n","protected":false},"excerpt":{"rendered":"<p>Une d\u00e9l\u00e9gation d\u2019observateurs, d&rsquo;\u00e9tudiants et de doctorants de l&rsquo;AgroParisTech va participer \u00e0 la prochaine conf\u00e9rence des Nations Unies sur le r\u00e9chauffement climatique COP27 \u00e0 Sharm-El-Sheikh, en Egypte pour prendre action sur place et rendre compte de ce qu\u2019il s\u2019y passe &hellip; <a href=\"https:\/\/mycor.iam.inrae.fr\/ARBRE\/?p=12991\">Continuer la lecture <span class=\"meta-nav\">&rarr;<\/span><\/a><\/p>\n","protected":false},"author":9,"featured_media":0,"comment_status":"closed","ping_status":"closed","sticky":false,"template":"","format":"standard","meta":{"footnotes":""},"categories":[35],"tags":[],"class_list":["post-12991","post","type-post","status-publish","format-standard","hentry","category-conferences"],"_links":{"self":[{"href":"https:\/\/mycor.iam.inrae.fr\/ARBRE\/index.php?rest_route=\/wp\/v2\/posts\/12991","targetHints":{"allow":["GET"]}}],"collection":[{"href":"https:\/\/mycor.iam.inrae.fr\/ARBRE\/index.php?rest_route=\/wp\/v2\/posts"}],"about":[{"href":"https:\/\/mycor.iam.inrae.fr\/ARBRE\/index.php?rest_route=\/wp\/v2\/types\/post"}],"author":[{"embeddable":true,"href":"https:\/\/mycor.iam.inrae.fr\/ARBRE\/index.php?rest_route=\/wp\/v2\/users\/9"}],"replies":[{"embeddable":true,"href":"https:\/\/mycor.iam.inrae.fr\/ARBRE\/index.php?rest_route=%2Fwp%2Fv2%2Fcomments&post=12991"}],"version-history":[{"count":0,"href":"https:\/\/mycor.iam.inrae.fr\/ARBRE\/index.php?rest_route=\/wp\/v2\/posts\/12991\/revisions"}],"wp:attachment":[{"href":"https:\/\/mycor.iam.inrae.fr\/ARBRE\/index.php?rest_route=%2Fwp%2Fv2%2Fmedia&parent=12991"}],"wp:term":[{"taxonomy":"category","embeddable":true,"href":"https:\/\/mycor.iam.inrae.fr\/ARBRE\/index.php?rest_route=%2Fwp%2Fv2%2Fcategories&post=12991"},{"taxonomy":"post_tag","embeddable":true,"href":"https:\/\/mycor.iam.inrae.fr\/ARBRE\/index.php?rest_route=%2Fwp%2Fv2%2Ftags&post=12991"}],"curies":[{"name":"wp","href":"https:\/\/api.w.org\/{rel}","templated":true}]}}