{"id":13237,"date":"2023-01-05T10:58:44","date_gmt":"2023-01-05T10:58:44","guid":{"rendered":"https:\/\/mycor.iam.inrae.fr\/ARBRE\/?p=13237"},"modified":"2023-01-05T11:02:32","modified_gmt":"2023-01-05T11:02:32","slug":"seminaire-forets-climat-et-societe-la-foret-et-le-droit-quelles-evolutions-possibles-24-10-23","status":"publish","type":"post","link":"https:\/\/mycor.iam.inrae.fr\/ARBRE\/?p=13237","title":{"rendered":"S\u00e9minaire For\u00eats, Climat et Soci\u00e9t\u00e9 \u00abLa for\u00eat et le droit: quelles \u00e9volutions possibles ?\u00bb 24\/01\/23"},"content":{"rendered":"<p>Avec le soutien du LabEx ARBRE, le 7\u00e8me <strong>S\u00e9minaire For\u00eats, Climat et Soci\u00e9t\u00e9 sur le th\u00e8me : \u00ab <em>La for\u00eat et le droit: quelles \u00e9volutions possibles ?\u00bb <\/em><\/strong>se d\u00e9roulera le<strong> 24 janvier 2023, \u00e0 14h, dans l&rsquo;amphit\u00e9\u00e2tre A \u00e0 Agroparistech Nancy.<\/strong><\/p>\n<p>Il sera pr\u00e9sent\u00e9 par <strong>Katia Blairon<\/strong>, ma\u00eetre de conf\u00e9rences en droit public \u00e0 l\u2019Universit\u00e9 de Lorraine et membre de l\u2019Institut de recherche sur l&rsquo;\u00e9volution de la Nation et de l&rsquo;Etat (IRENEE). Se sp\u00e9cialisant dans le droit des for\u00eats, ses travaux de recherche portent sur l\u2019adaptation du droit applicable aux for\u00eats face aux d\u00e9fis \u00e9conomiques, climatiques et sociaux.<\/p>\n<p><span style=\"text-decoration: underline;\">R\u00e9sum\u00e9<\/span>: <em>Les for\u00eats font l\u2019objet d\u2019une attention croissante des pouvoirs publics et de la soci\u00e9t\u00e9 civile. La relation \u00e0 la for\u00eat change\u00a0: les individus (re)d\u00e9couvrent le plaisir de s\u2019y promener, d\u2019y s\u00e9journer ou d\u2019en conna\u00eetre la biodiversit\u00e9. Dans un contexte de changement climatique, la for\u00eat est analys\u00e9e comme une ressource nouvellement d\u00e9finie\u00a0: fournissant du bois et de la mati\u00e8re premi\u00e8re \u00e0 de nombreuses activit\u00e9s, elle constitue d\u00e9sormais un\u00a0\u00ab\u00a0puits\u00a0carbone\u00a0\u00bb. Bien que valoris\u00e9es in\u00e9galement, ses fonctions sociales, \u00e9cologiques et \u00e9conomiques sont reconnues par le code forestier. Comment le droit peut prendre en compte ces nouveaux d\u00e9fis\u00a0et nouvelles aspirations\u00a0? Face \u00e0 la n\u00e9cessit\u00e9 de fournir des outils juridiques adapt\u00e9s, il s\u2019agira de s\u2019interroger sur la capacit\u00e9 du droit \u00e0 accompagner ces \u00e9volutions. Ce sera aussi l\u2019occasion d\u2019ouvrir une bo\u00eete \u00e0 outils juridiques bien fournie\u00a0: statuts protecteurs\u00a0; modalit\u00e9s de participation populaire\u00a0; fiscalit\u00e9\u00a0; patrimoine commun\u00a0; bien commun\u00a0; int\u00e9r\u00eat g\u00e9n\u00e9ral\u00a0; int\u00e9r\u00eats particuliers\u00a0; droit sp\u00e9cial\u00a0; droit national, europ\u00e9en, international\u00a0; constitution\u00a0; personnalit\u00e9 juridique\u2026<\/em><\/p>\n<p>Lien d&rsquo;inscription pour y participer en distanciel : <span style=\"color: #0000ff;\"><a style=\"color: #0000ff;\" href=\"https:\/\/inrae-fr.zoom.us\/webinar\/register\/WN_vwQWRDoJQDW5Hz28bWg1FQ\">https:\/\/inrae-fr.zoom.us\/webinar\/register\/WN_vwQWRDoJQDW5Hz28bWg1FQ<\/a><\/span><\/p>\n","protected":false},"excerpt":{"rendered":"<p>Avec le soutien du LabEx ARBRE, le 7\u00e8me S\u00e9minaire For\u00eats, Climat et Soci\u00e9t\u00e9 sur le th\u00e8me : \u00ab La for\u00eat et le droit: quelles \u00e9volutions possibles ?\u00bb se d\u00e9roulera le 24 janvier 2023, \u00e0 14h, dans l&rsquo;amphit\u00e9\u00e2tre A \u00e0 Agroparistech &hellip; <a href=\"https:\/\/mycor.iam.inrae.fr\/ARBRE\/?p=13237\">Continuer la lecture <span class=\"meta-nav\">&rarr;<\/span><\/a><\/p>\n","protected":false},"author":9,"featured_media":0,"comment_status":"closed","ping_status":"closed","sticky":false,"template":"","format":"standard","meta":{"footnotes":""},"categories":[35],"tags":[],"class_list":["post-13237","post","type-post","status-publish","format-standard","hentry","category-conferences"],"_links":{"self":[{"href":"https:\/\/mycor.iam.inrae.fr\/ARBRE\/index.php?rest_route=\/wp\/v2\/posts\/13237","targetHints":{"allow":["GET"]}}],"collection":[{"href":"https:\/\/mycor.iam.inrae.fr\/ARBRE\/index.php?rest_route=\/wp\/v2\/posts"}],"about":[{"href":"https:\/\/mycor.iam.inrae.fr\/ARBRE\/index.php?rest_route=\/wp\/v2\/types\/post"}],"author":[{"embeddable":true,"href":"https:\/\/mycor.iam.inrae.fr\/ARBRE\/index.php?rest_route=\/wp\/v2\/users\/9"}],"replies":[{"embeddable":true,"href":"https:\/\/mycor.iam.inrae.fr\/ARBRE\/index.php?rest_route=%2Fwp%2Fv2%2Fcomments&post=13237"}],"version-history":[{"count":0,"href":"https:\/\/mycor.iam.inrae.fr\/ARBRE\/index.php?rest_route=\/wp\/v2\/posts\/13237\/revisions"}],"wp:attachment":[{"href":"https:\/\/mycor.iam.inrae.fr\/ARBRE\/index.php?rest_route=%2Fwp%2Fv2%2Fmedia&parent=13237"}],"wp:term":[{"taxonomy":"category","embeddable":true,"href":"https:\/\/mycor.iam.inrae.fr\/ARBRE\/index.php?rest_route=%2Fwp%2Fv2%2Fcategories&post=13237"},{"taxonomy":"post_tag","embeddable":true,"href":"https:\/\/mycor.iam.inrae.fr\/ARBRE\/index.php?rest_route=%2Fwp%2Fv2%2Ftags&post=13237"}],"curies":[{"name":"wp","href":"https:\/\/api.w.org\/{rel}","templated":true}]}}