{"id":13297,"date":"2023-03-14T10:50:42","date_gmt":"2023-03-14T10:50:42","guid":{"rendered":"https:\/\/mycor.iam.inrae.fr\/ARBRE\/?p=13297"},"modified":"2023-03-14T11:04:02","modified_gmt":"2023-03-14T11:04:02","slug":"seminaire-forets-climat-et-societe-bioeconomie-et-foret-quelles-questions-pour-nos-recherches-4-avril-2023","status":"publish","type":"post","link":"https:\/\/mycor.iam.inrae.fr\/ARBRE\/?p=13297","title":{"rendered":"S\u00e9minaire For\u00eats, Climat et Soci\u00e9t\u00e9 \u00ab Bio\u00e9conomie et for\u00eat, quelles questions pour nos recherches ? \u00bb 4 avril 2023"},"content":{"rendered":"<p style=\"text-align: justify;\">Le 9\u00e8me <strong>S\u00e9minaire For\u00eats, Climat et Soci\u00e9t\u00e9<\/strong> anim\u00e9 par Meriem Fournier sur le th\u00e8me \u00ab Bio\u00e9conomie et for\u00eat, quelles questions pour nos recherches ? \u00bb\u00a0aura lieu<strong> le 4 avril 2023, \u00e0 14h, <\/strong>dans <strong>la salle Jacamon 1 \u00e0 Agroparistech Nancy,<\/strong> avec le soutien financier du\u00a0LabEx ARBRE.<\/p>\n<p style=\"text-align: justify;\"><span style=\"text-decoration: underline;\"><em>R\u00e9sum\u00e9:<\/em><\/span><br \/>\nLa bio\u00e9conomie est une strat\u00e9gie c&rsquo;est \u00e0 dire un concept sociopolitique. Repoussoir pour les uns qui y voient la surexploitation des ressources du vivant au service d&rsquo;une \u00e9conomie sauvage, indispensable pour d&rsquo;autres qui y voient la fin de l&rsquo;exploitation des ressources fossiles non renouvelables, cette strat\u00e9gie \u00e9volue et peut prendre plusieurs formes d\u00e9cod\u00e9es par les \u00e9conomistes et politistes. Si on va jusqu&rsquo;\u00e0 l&rsquo;associer \u00e0 \u00ab\u00a0l&rsquo;\u00e9conomie de la vie\u00a0\u00bb de Jacques Attali (1), c&rsquo;est la strat\u00e9gie qui permet de se pr\u00e9parer \u00e0 ce qui vient, en r\u00e9ponse aux crises plan\u00e9taires que les activit\u00e9s humaines provoquent. En 2020, INRAE a publi\u00e9 une r\u00e9flexion prospective interdisciplinaire qui d\u00e9finit des priorit\u00e9s de recherche pour la bio\u00e9conomie (2). Cette prospective met l&rsquo;accent sur le \u00ab\u00a0nexus\u00a0\u00bb bio\u00e9conomie qui force la rencontre entre sciences des \u00e9cosyst\u00e8mes et des ressources naturelles, sciences des technosyst\u00e8mes qui s&rsquo;int\u00e9ressent aux processus de transformation et de mise en march\u00e9 par les entreprises, et sciences \u00e9conomiques et sociales qui d\u00e9codent les syst\u00e8mes humains (la politique, la l\u00e9gislation, les r\u00e8glementations, les organisations territoriales \u00e0 mondiales &#8230;). Le rapport INRAE insiste aussi sur la dimension territoriale en tant que priorit\u00e9 de recherche pour aborder comment se construit la bio\u00e9conomie op\u00e9rationnelle. Bien que des chercheurs des communaut\u00e9s for\u00eat bois aient particip\u00e9 \u00e0 ce rapport de prospective, les priorit\u00e9s \u00e9nonc\u00e9es demandent un effort de traduction pour les rendre pertinentes et applicables pour le secteur for\u00eat bois. Mais ce rapport a le m\u00e9rite de nous engager \u00e0 aborder le nexus de la bio\u00e9conomie entre biodiversit\u00e9, biosourc\u00e9, biotechnologie et le \u00ab\u00a0bio\u00a0\u00bb comme projet de soci\u00e9t\u00e9. Dans ce contexte, la fili\u00e8re for\u00eat bois est-elle spontan\u00e9ment un mod\u00e8le pour la bio\u00e9conomie ou au contraire une fili\u00e8re du pass\u00e9 \u00e0 transformer en suivant l&rsquo;exemple d&rsquo;autres fili\u00e8res plus r\u00e9centes de valorisation non alimentaire de la biomasse ? quelle est la place de l&rsquo;arbre dans les strat\u00e9gies et repr\u00e9sentations de la bio\u00e9conomie ? En quoi les recherches sur la bio\u00e9conomie concernent la biologie de l&rsquo;arbre ou l&rsquo;\u00e9cologie des for\u00eats ? Sym\u00e9triquement, comment est-ce que la bio\u00e9conomie impacte les recherches en sciences du bois qui travaillent sur les proc\u00e9d\u00e9s et produits issus de la mati\u00e8re premi\u00e8re bois via par exemple la chimie verte ou des substances naturelles, l&rsquo;\u00e9coconception de la construction &#8230; Et surtout quelles priorit\u00e9s de recherche pour aborder la complexit\u00e9 des interactions dans le nexus.<\/p>\n<p style=\"text-align: justify;\"><em>(1) Jacques Attali. L&rsquo;\u00e9conomie de la vie. Fayard. 2020.(2) Monique Axelos et al.. R\u00e9flexion prospective interdisciplinaire bio\u00e9conomie &#8211; Rapport de synth\u00e8se. INRAE. 2020, 70 p. \u27e8hal-02866076\u27e9<\/em><\/p>\n<p>Pour celles et ceux qui ne pourront pas assister en pr\u00e9sentiel, vous pourrez le faire \u00e0 distance en vous inscrivant au lien suivant :<br \/>\n<a href=\"https:\/\/inrae-fr.zoom.us\/webinar\/register\/WN_Z_132NzQSiiL-BbK_LC0-Q\"><span style=\"color: #0000ff;\">https:\/\/inrae-fr.zoom.us\/webinar\/register\/WN_Z_132NzQSiiL-BbK_LC0-Q<\/span><\/a><\/p>\n<p><span style=\"text-decoration: underline;\">Equipe d&rsquo;organisation<\/span> :<br \/>\nNikola Besic (LIF, ENSG\/IGN) &#8211;\u00a0 <a href=\"mailto:nikola.besic@ign.fr\">nikola.besic@ign.fr<\/a><br \/>\nLesly Cassin (UMR Beta, Universit\u00e9 de Lorraine) &#8211; <a href=\"mailto:lesly.cassin@univ-lorraine.fr\">lesly.cassin@univ-lorraine.fr<\/a><br \/>\nJulien Sainte-Marie (UMR Silva, AgroParisTech) &#8211; <a href=\"mailto:julien.sainte-marie@agroparistech.fr\">julien.sainte-marie@agroparistech.fr<\/a><\/p>\n","protected":false},"excerpt":{"rendered":"<p>Le 9\u00e8me S\u00e9minaire For\u00eats, Climat et Soci\u00e9t\u00e9 anim\u00e9 par Meriem Fournier sur le th\u00e8me \u00ab Bio\u00e9conomie et for\u00eat, quelles questions pour nos recherches ? \u00bb\u00a0aura lieu le 4 avril 2023, \u00e0 14h, dans la salle Jacamon 1 \u00e0 Agroparistech Nancy, &hellip; <a href=\"https:\/\/mycor.iam.inrae.fr\/ARBRE\/?p=13297\">Continuer la lecture <span class=\"meta-nav\">&rarr;<\/span><\/a><\/p>\n","protected":false},"author":9,"featured_media":0,"comment_status":"closed","ping_status":"closed","sticky":false,"template":"","format":"standard","meta":{"footnotes":""},"categories":[32],"tags":[],"class_list":["post-13297","post","type-post","status-publish","format-standard","hentry","category-seminaires"],"_links":{"self":[{"href":"https:\/\/mycor.iam.inrae.fr\/ARBRE\/index.php?rest_route=\/wp\/v2\/posts\/13297","targetHints":{"allow":["GET"]}}],"collection":[{"href":"https:\/\/mycor.iam.inrae.fr\/ARBRE\/index.php?rest_route=\/wp\/v2\/posts"}],"about":[{"href":"https:\/\/mycor.iam.inrae.fr\/ARBRE\/index.php?rest_route=\/wp\/v2\/types\/post"}],"author":[{"embeddable":true,"href":"https:\/\/mycor.iam.inrae.fr\/ARBRE\/index.php?rest_route=\/wp\/v2\/users\/9"}],"replies":[{"embeddable":true,"href":"https:\/\/mycor.iam.inrae.fr\/ARBRE\/index.php?rest_route=%2Fwp%2Fv2%2Fcomments&post=13297"}],"version-history":[{"count":0,"href":"https:\/\/mycor.iam.inrae.fr\/ARBRE\/index.php?rest_route=\/wp\/v2\/posts\/13297\/revisions"}],"wp:attachment":[{"href":"https:\/\/mycor.iam.inrae.fr\/ARBRE\/index.php?rest_route=%2Fwp%2Fv2%2Fmedia&parent=13297"}],"wp:term":[{"taxonomy":"category","embeddable":true,"href":"https:\/\/mycor.iam.inrae.fr\/ARBRE\/index.php?rest_route=%2Fwp%2Fv2%2Fcategories&post=13297"},{"taxonomy":"post_tag","embeddable":true,"href":"https:\/\/mycor.iam.inrae.fr\/ARBRE\/index.php?rest_route=%2Fwp%2Fv2%2Ftags&post=13297"}],"curies":[{"name":"wp","href":"https:\/\/api.w.org\/{rel}","templated":true}]}}