{"id":13313,"date":"2023-03-29T12:19:29","date_gmt":"2023-03-29T12:19:29","guid":{"rendered":"https:\/\/mycor.iam.inrae.fr\/ARBRE\/?p=13313"},"modified":"2023-03-31T07:07:15","modified_gmt":"2023-03-31T07:07:15","slug":"seminaire-forets-climat-et-societe-acquis-et-perspectives-de-lutilisation-du-lidar-en-foresterie-6-avril-2023","status":"publish","type":"post","link":"https:\/\/mycor.iam.inrae.fr\/ARBRE\/?p=13313","title":{"rendered":"Cycle de s\u00e9minaire For\u00eats, Climat et Soci\u00e9t\u00e9 : \u00ab Acquis et perspectives de l&rsquo;utilisation du lidar en foresterie \u00bb 6 avril 2023"},"content":{"rendered":"<p style=\"text-align: justify;\">Ce dixi\u00e8me S\u00e9minaire For\u00eats, Climat et Soci\u00e9t\u00e9 accueillera Richard Fournier, professeur \u00e0 l&rsquo;Universit\u00e9 de Sherbrooke (CA) au D\u00e9partement de g\u00e9omatique appliqu\u00e9e et sp\u00e9cialiste en t\u00e9l\u00e9d\u00e9tection et cartographie des \u00e9cosyst\u00e8mes naturels, qui nous pr\u00e9sentera les \u00ab Acquis et perspectives de l&rsquo;utilisation du lidar en foresterie \u00bb.<\/p>\n<p style=\"text-align: justify;\">Le s\u00e9minaire est financ\u00e9 par le LabEx ARBRE et aura lieu <strong>le 6 avril 2023, \u00e0 14h, dans la salle Jacamon 1 \u00e0 Agroparistech Nancy<\/strong>.<\/p>\n<p style=\"text-align: justify;\"><em>R\u00e9sum\u00e9: La t\u00e9l\u00e9d\u00e9tection lidar s\u2019est grandement d\u00e9velopp\u00e9e dans la derni\u00e8re d\u00e9cennie au point de devenir un outil de t\u00e9l\u00e9d\u00e9tection incontournable dans un grand nombre de disciplines. Les donn\u00e9es de lidar a\u00e9roport\u00e9 (ALS \u2013 Airborne Lidar Scanning) sont maintenant routini\u00e8rement utilis\u00e9es pour l\u2019inventaire forestier. Plusieurs autres types de capteurs lidar se taillent graduellement une place dans des applications en foresterie. C\u2019est le cas pour le lidar sur drone (ULS \u2013 UAV Lidar Scanning) qui permet l\u2019acquisition de donn\u00e9es dans des cr\u00e9neaux temporels pr\u00e9cis. Pour sa part, le lidar terrestre (TLS \u2013 Terrestrial Lidar Scanning) a d\u00e9montr\u00e9 sa grande capacit\u00e9 \u00e0 sonder la canop\u00e9e foresti\u00e8re. Derni\u00e8rement les lidars mobiles (MLS \u2013 Mobile Lidar Scanning) permettent l\u2019acquisition de nuages de points d\u00e9taill\u00e9s, avec un minimum de contraintes pratiques. La pr\u00e9sentation fera un tour d\u2019horizon pour mettre en \u00e9vidence o\u00f9 nous en sommes dans l\u2019usage des donn\u00e9es lidar. Il s\u2019agira de faire ressortir les m\u00e9thodes op\u00e9rationnelles, et quels d\u00e9veloppements sont sur le point d\u2019aboutir. G\u00e9n\u00e9ralement, il s\u2019agira de regarder comment les diff\u00e9rents types de lidar permettent d\u2019estimer avec exactitude les attributs forestiers des arbres. Gr\u00e2ce aux avancements technologiques et m\u00e9thodologiques associ\u00e9s au lidar, nous nous approchons d\u2019une gestion foresti\u00e8re \u00e0 l\u2019arbre pr\u00e8s. Les am\u00e9liorations technologiques associ\u00e9es aux capteurs permettent de pr\u00e9dire une acc\u00e9l\u00e9ration de l\u2019usage du lidar en foresterie, tout comme dans un grand nombre de domaines (par ex. en milieu urbain ou pour les v\u00e9hicules autonomes). Cons\u00e9quemment, surmonter les limites actuelles associ\u00e9es aux donn\u00e9es lidar permettra la mise en place d\u2019applications qu\u2019on ne croyait pas possible il y a peu de temps. Par exemple, il est maintenant possible d\u2019int\u00e9grer la simulation de l\u2019architecture des arbres \u00e0 l\u2019aide de la donn\u00e9e lidar pour estimer les attributs structuraux des arbres, au-del\u00e0 de ce qu\u2019une personne peut mesurer sur le terrain.<\/em><\/p>\n<p style=\"text-align: justify;\">Pour celles et ceux qui ne pourront pas assister en pr\u00e9sentiel, vous pourrez le faire \u00e0 distance en vous inscrivant au lien suivant :<br \/>\n<em><span style=\"color: #0000ff;\"><a style=\"color: #0000ff;\" href=\"https:\/\/inrae-fr.zoom.us\/webinar\/register\/WN_IBUqq3D0RfWdsTrhhHydbg\">https:\/\/inrae-fr.zoom.us\/webinar\/register\/WN_IBUqq3D0RfWdsTrhhHydbg<\/a><\/span><\/em><\/p>\n","protected":false},"excerpt":{"rendered":"<p>Ce dixi\u00e8me S\u00e9minaire For\u00eats, Climat et Soci\u00e9t\u00e9 accueillera Richard Fournier, professeur \u00e0 l&rsquo;Universit\u00e9 de Sherbrooke (CA) au D\u00e9partement de g\u00e9omatique appliqu\u00e9e et sp\u00e9cialiste en t\u00e9l\u00e9d\u00e9tection et cartographie des \u00e9cosyst\u00e8mes naturels, qui nous pr\u00e9sentera les \u00ab Acquis et perspectives de l&rsquo;utilisation &hellip; <a href=\"https:\/\/mycor.iam.inrae.fr\/ARBRE\/?p=13313\">Continuer la lecture <span class=\"meta-nav\">&rarr;<\/span><\/a><\/p>\n","protected":false},"author":9,"featured_media":0,"comment_status":"closed","ping_status":"closed","sticky":false,"template":"","format":"standard","meta":{"footnotes":""},"categories":[32],"tags":[],"class_list":["post-13313","post","type-post","status-publish","format-standard","hentry","category-seminaires"],"_links":{"self":[{"href":"https:\/\/mycor.iam.inrae.fr\/ARBRE\/index.php?rest_route=\/wp\/v2\/posts\/13313","targetHints":{"allow":["GET"]}}],"collection":[{"href":"https:\/\/mycor.iam.inrae.fr\/ARBRE\/index.php?rest_route=\/wp\/v2\/posts"}],"about":[{"href":"https:\/\/mycor.iam.inrae.fr\/ARBRE\/index.php?rest_route=\/wp\/v2\/types\/post"}],"author":[{"embeddable":true,"href":"https:\/\/mycor.iam.inrae.fr\/ARBRE\/index.php?rest_route=\/wp\/v2\/users\/9"}],"replies":[{"embeddable":true,"href":"https:\/\/mycor.iam.inrae.fr\/ARBRE\/index.php?rest_route=%2Fwp%2Fv2%2Fcomments&post=13313"}],"version-history":[{"count":0,"href":"https:\/\/mycor.iam.inrae.fr\/ARBRE\/index.php?rest_route=\/wp\/v2\/posts\/13313\/revisions"}],"wp:attachment":[{"href":"https:\/\/mycor.iam.inrae.fr\/ARBRE\/index.php?rest_route=%2Fwp%2Fv2%2Fmedia&parent=13313"}],"wp:term":[{"taxonomy":"category","embeddable":true,"href":"https:\/\/mycor.iam.inrae.fr\/ARBRE\/index.php?rest_route=%2Fwp%2Fv2%2Fcategories&post=13313"},{"taxonomy":"post_tag","embeddable":true,"href":"https:\/\/mycor.iam.inrae.fr\/ARBRE\/index.php?rest_route=%2Fwp%2Fv2%2Ftags&post=13313"}],"curies":[{"name":"wp","href":"https:\/\/api.w.org\/{rel}","templated":true}]}}