{"id":13325,"date":"2023-04-12T06:17:02","date_gmt":"2023-04-12T06:17:02","guid":{"rendered":"https:\/\/mycor.iam.inrae.fr\/ARBRE\/?p=13325"},"modified":"2023-04-12T06:18:25","modified_gmt":"2023-04-12T06:18:25","slug":"cycle-de-seminaire-forets-climat-et-societe-dynamique-sylviculture-et-amenagement-de-la-foret-boreale-dans-un-contexte-de-changements-climatiques","status":"publish","type":"post","link":"https:\/\/mycor.iam.inrae.fr\/ARBRE\/?p=13325","title":{"rendered":"Cycle de s\u00e9minaire For\u00eats, Climat et Soci\u00e9t\u00e9 : \u00ab Dynamique, sylviculture et am\u00e9nagement de la for\u00eat bor\u00e9ale dans un contexte de changements climatiques \u00bb 14\/04\/23"},"content":{"rendered":"<p style=\"text-align: justify;\">Le onzi\u00e8me S\u00e9minaire For\u00eats, Climat et Soci\u00e9t\u00e9 accueillera Yan Boucher, professeur en \u00e9cologie et am\u00e9nagement forestier \u00e0 l&rsquo;Universit\u00e9 du Qu\u00e9bec \u00e0 Chicoutimi (CA), sur le th\u00e8me : \u00ab Dynamique, sylviculture et am\u00e9nagement de la for\u00eat bor\u00e9ale dans un contexte de changements climatiques \u00bb.<\/p>\n<p style=\"text-align: justify;\">Le s\u00e9minaire est financ\u00e9 par le LabEx ARBRE et aura lieu<strong> le 14 avril 2023, \u00e0 14h, <\/strong>dans la salle<strong> Jacamon 1 <\/strong>\u00e0 <strong>AgroParisTech Nancy.<\/strong><\/p>\n<p style=\"text-align: justify;\"><em><span style=\"text-decoration: underline;\">R\u00e9sum\u00e9<\/span>: Avec les changements climatiques, le r\u00e9gime des perturbations devrait se modifier et pourrait alt\u00e9rer la r\u00e9silience et la production des services \u00e9cosyst\u00e9miques de la for\u00eat bor\u00e9ale. Les feux, les s\u00e9cheresses, les \u00e9pid\u00e9mies d\u2019insecte et l\u2019am\u00e9nagement forestier sont parmi les perturbations majeures \u00e0 prendre en compte. Dans le pass\u00e9, les archives foresti\u00e8res (cartographie, inventaire) et la dendro\u00e9cologie se sont r\u00e9v\u00e9l\u00e9es tr\u00e8s utiles afin de reconstituer les \u00e9cosyst\u00e8mes du pass\u00e9 et leur transformation contemporaine sous l\u2019action du climat et des perturbations. Aujourd\u2019hui, la pr\u00e9diction de l\u2019\u00e9volution et de la r\u00e9organisation des \u00e9cosyst\u00e8mes forestiers face \u00e0 ces perturbations est une information critique. L\u2019utilisation de mod\u00e8les spatiaux permettant de pr\u00e9dire l\u2019\u00e9volution des for\u00eats s\u2019av\u00e8re indispensable afin de guider l\u2019am\u00e9nagement de la for\u00eat bor\u00e9ale. Dans cette conf\u00e9rence, je pr\u00e9senterai un aper\u00e7u de ma programmation de recherche qui permettra de r\u00e9pondre \u00e0 ces enjeux et qui met \u00e0 profit l\u2019utilisation de techniques diversifi\u00e9es, impliquant l\u2019\u00e9cologie historique, la dendro\u00e9cologie, la t\u00e9l\u00e9d\u00e9tection et la mod\u00e9lisation.<\/em><\/p>\n<p>Lien pour suivre la conf\u00e9rence \u00e0 distance : <span style=\"color: #0000ff;\"><a style=\"color: #0000ff;\" href=\"https:\/\/inrae-fr.zoom.us\/webinar\/register\/WN_6zXwnu1GSqm60pBaIRsu5A\" target=\"_blank\" rel=\"noopener\">https:\/\/inrae-fr.zoom.us\/webinar\/register\/WN_6zXwnu1GSqm60pBaIRsu5A<\/a><\/span><\/p>\n","protected":false},"excerpt":{"rendered":"<p>Le onzi\u00e8me S\u00e9minaire For\u00eats, Climat et Soci\u00e9t\u00e9 accueillera Yan Boucher, professeur en \u00e9cologie et am\u00e9nagement forestier \u00e0 l&rsquo;Universit\u00e9 du Qu\u00e9bec \u00e0 Chicoutimi (CA), sur le th\u00e8me : \u00ab Dynamique, sylviculture et am\u00e9nagement de la for\u00eat bor\u00e9ale dans un contexte de &hellip; <a href=\"https:\/\/mycor.iam.inrae.fr\/ARBRE\/?p=13325\">Continuer la lecture <span class=\"meta-nav\">&rarr;<\/span><\/a><\/p>\n","protected":false},"author":9,"featured_media":0,"comment_status":"closed","ping_status":"closed","sticky":false,"template":"","format":"standard","meta":{"footnotes":""},"categories":[32],"tags":[],"class_list":["post-13325","post","type-post","status-publish","format-standard","hentry","category-seminaires"],"_links":{"self":[{"href":"https:\/\/mycor.iam.inrae.fr\/ARBRE\/index.php?rest_route=\/wp\/v2\/posts\/13325","targetHints":{"allow":["GET"]}}],"collection":[{"href":"https:\/\/mycor.iam.inrae.fr\/ARBRE\/index.php?rest_route=\/wp\/v2\/posts"}],"about":[{"href":"https:\/\/mycor.iam.inrae.fr\/ARBRE\/index.php?rest_route=\/wp\/v2\/types\/post"}],"author":[{"embeddable":true,"href":"https:\/\/mycor.iam.inrae.fr\/ARBRE\/index.php?rest_route=\/wp\/v2\/users\/9"}],"replies":[{"embeddable":true,"href":"https:\/\/mycor.iam.inrae.fr\/ARBRE\/index.php?rest_route=%2Fwp%2Fv2%2Fcomments&post=13325"}],"version-history":[{"count":0,"href":"https:\/\/mycor.iam.inrae.fr\/ARBRE\/index.php?rest_route=\/wp\/v2\/posts\/13325\/revisions"}],"wp:attachment":[{"href":"https:\/\/mycor.iam.inrae.fr\/ARBRE\/index.php?rest_route=%2Fwp%2Fv2%2Fmedia&parent=13325"}],"wp:term":[{"taxonomy":"category","embeddable":true,"href":"https:\/\/mycor.iam.inrae.fr\/ARBRE\/index.php?rest_route=%2Fwp%2Fv2%2Fcategories&post=13325"},{"taxonomy":"post_tag","embeddable":true,"href":"https:\/\/mycor.iam.inrae.fr\/ARBRE\/index.php?rest_route=%2Fwp%2Fv2%2Ftags&post=13325"}],"curies":[{"name":"wp","href":"https:\/\/api.w.org\/{rel}","templated":true}]}}