{"id":13678,"date":"2023-11-29T07:36:25","date_gmt":"2023-11-29T07:36:25","guid":{"rendered":"https:\/\/mycor.iam.inrae.fr\/ARBRE\/?p=13678"},"modified":"2023-11-29T07:37:54","modified_gmt":"2023-11-29T07:37:54","slug":"cycle-de-seminaire-seminaire-forets-climat-et-societe-13-12-23","status":"publish","type":"post","link":"https:\/\/mycor.iam.inrae.fr\/ARBRE\/?p=13678","title":{"rendered":"Cycle de s\u00e9minaires S\u00e9minaire For\u00eats, Climat et Soci\u00e9t\u00e9  &#8211; 13\/12\/23"},"content":{"rendered":"<p style=\"text-align: justify;\">Soutenu par le LabEx ARBRE, le 15\u00e8me <strong>S\u00e9minaire For\u00eats, Climat et Soci\u00e9t\u00e9<\/strong> accueillera <em>Pava Savicevic, Jelica Gazdic <\/em>et<em> Filip Vujovic<\/em> &#8211; trois jeunes chercheurs de l&rsquo;Agence de protection de l&rsquo;environnement du Mont\u00e9n\u00e9gro, qui seront en visite dans l&rsquo;hexagone \u00e0 l&rsquo;initiative de l&rsquo;Ambassade de France au Mont\u00e9n\u00e9gro. Leur intervention conjointe portera sur le sujet :<\/p>\n<p style=\"text-align: justify;\"><strong>\u00ab\u00a0<em>Agence de protection de l&rsquo;environnement du Mont\u00e9n\u00e9gro : le monitoring et la pr\u00e9servation des for\u00eats <\/em>\u00bb.\u00a0<\/strong><\/p>\n<p style=\"text-align: justify;\">Le s\u00e9minaire aura lieu le <strong>13 d\u00e9cembre 2023, \u00e0 14h<\/strong><strong>, <\/strong>dans la salle <strong>Jacamon 1 (AgroParisTech \u2013 Nancy)<\/strong>.<\/p>\n<p style=\"text-align: justify;\"><em><span style=\"text-decoration: underline;\">R\u00e9sum\u00e9<\/span><\/em>:<br \/>\n<em>Environmental Protection Agency of Montenegro (EPA) was formed in 2008, as a governmental agency, currently under the Ministry of Tourism, Ecology, Sustainable Development and Northern Region Development. EPA is working, but not limited, on: monitoring of the environment, preparation of reports and assessments, issuing permits, communication with relevant international and national organizations and the public, followed by other matters established by the Law on the Environment and special regulations. Even though the size of our country might not suggest, both bio and geo diversity are admirable. This was the greatest motivation for Parliament of Republic of Montenegro to assemble the declaration of ecological state in 1991. What was, without a doubt, a brave step in the right direction, couldn\u2019t stop the rising challenges in environmental protection and sustainable development, which increased together with consumerist culture and globalization. Here, we are focusing on the forest management and preservation challenges Montenegro is currently facing. Forest disturbance analyses were done for 2 characteristic areas: Opasanica \u2013 river valley in central Montenegro, known for intense logging activity, and Prokletije \u2013 NP in the eastern Montenegro, where forests are protected depending on the zone of the park. Disturbance areas are detected by analysing remote sensing images, more precisely Landsat 8 imagery. By setting the multidimensional raster, a series of images taken for same location, but different time, were prepared for change detection with the use of LandTrend algorithm (ArcGIS Image Analysis Extension). As an outcome, maps of abrupt forest disruption for the 2 areas were created. They later served for: in the case of Opasanica comparison with legal logging activity for the same years, by which it\u2019s possible to get the illegal logging activity reach and locations; and for recognizing the bark beetle reach for Prokletije NP (in combination with field work), which also can help in future in establishment of bark beetle defence action plan, its implementation and monitoring. \u00a0These analyses show the importance of use of modern technologies in governmental agencies, in this case for forest monitoring and protection, and the power of GIS for environmental monitoring and protection in general.<\/em><\/p>\n<p style=\"text-align: justify;\"><strong>Pour celles et ceux qui ne pourront pas assister en pr\u00e9sentiel, vous pourrez le faire \u00e0 distance en vous inscrivant au lien suivant :<\/strong><br \/>\n<span style=\"color: #0000ff;\"><a style=\"color: #0000ff;\" href=\"https:\/\/inrae-fr.zoom.us\/webinar\/register\/WN_xFQXahXIRpiPLhx4cpAAfA#\/registration\">https:\/\/inrae-fr.zoom.us\/webinar\/register\/WN_xFQXahXIRpiPLhx4cpAAfA#\/registration<\/a><\/span><\/p>\n<p style=\"text-align: justify;\">Equipe d\u2019organisation :<br \/>\nNikola Besic (LIF, ENSG\/IGN) &#8211; <a href=\"mailto:nikola.besic@ign.fr\">nikola.besic@ign.fr<\/a><br \/>\nEsther Devilliers (UMR Beta, INRAe) &#8211; <a href=\"mailto:lesly.cassin@univ-lorraine.fr\">esther.devilliers@inrae.fr<\/a><br \/>\nJulien Sainte-Marie (UMR Silva, AgroParisTech) &#8211; <a href=\"mailto:julien.sainte-marie@agroparistech.fr\">julien.sainte-marie@agroparistech.fr<\/a><\/p>\n<p style=\"text-align: justify;\">Retrouvez nos pr\u00e9c\u00e9dents s\u00e9minaires sur Youtube:<span style=\"color: #0000ff;\"><a style=\"color: #0000ff;\" href=\"https:\/\/www.youtube.com\/channel\/UCI8mDTpK0A6Jn_66kbkgPbA\">https:\/\/www.youtube.com\/channel\/UCI8mDTpK0A6Jn_66kbkgPbA<\/a><\/span><\/p>\n<p>&nbsp;<\/p>\n","protected":false},"excerpt":{"rendered":"<p>Soutenu par le LabEx ARBRE, le 15\u00e8me S\u00e9minaire For\u00eats, Climat et Soci\u00e9t\u00e9 accueillera Pava Savicevic, Jelica Gazdic et Filip Vujovic &#8211; trois jeunes chercheurs de l&rsquo;Agence de protection de l&rsquo;environnement du Mont\u00e9n\u00e9gro, qui seront en visite dans l&rsquo;hexagone \u00e0 l&rsquo;initiative &hellip; <a href=\"https:\/\/mycor.iam.inrae.fr\/ARBRE\/?p=13678\">Continuer la lecture <span class=\"meta-nav\">&rarr;<\/span><\/a><\/p>\n","protected":false},"author":9,"featured_media":0,"comment_status":"closed","ping_status":"closed","sticky":false,"template":"","format":"standard","meta":{"footnotes":""},"categories":[32],"tags":[],"class_list":["post-13678","post","type-post","status-publish","format-standard","hentry","category-seminaires"],"_links":{"self":[{"href":"https:\/\/mycor.iam.inrae.fr\/ARBRE\/index.php?rest_route=\/wp\/v2\/posts\/13678","targetHints":{"allow":["GET"]}}],"collection":[{"href":"https:\/\/mycor.iam.inrae.fr\/ARBRE\/index.php?rest_route=\/wp\/v2\/posts"}],"about":[{"href":"https:\/\/mycor.iam.inrae.fr\/ARBRE\/index.php?rest_route=\/wp\/v2\/types\/post"}],"author":[{"embeddable":true,"href":"https:\/\/mycor.iam.inrae.fr\/ARBRE\/index.php?rest_route=\/wp\/v2\/users\/9"}],"replies":[{"embeddable":true,"href":"https:\/\/mycor.iam.inrae.fr\/ARBRE\/index.php?rest_route=%2Fwp%2Fv2%2Fcomments&post=13678"}],"version-history":[{"count":0,"href":"https:\/\/mycor.iam.inrae.fr\/ARBRE\/index.php?rest_route=\/wp\/v2\/posts\/13678\/revisions"}],"wp:attachment":[{"href":"https:\/\/mycor.iam.inrae.fr\/ARBRE\/index.php?rest_route=%2Fwp%2Fv2%2Fmedia&parent=13678"}],"wp:term":[{"taxonomy":"category","embeddable":true,"href":"https:\/\/mycor.iam.inrae.fr\/ARBRE\/index.php?rest_route=%2Fwp%2Fv2%2Fcategories&post=13678"},{"taxonomy":"post_tag","embeddable":true,"href":"https:\/\/mycor.iam.inrae.fr\/ARBRE\/index.php?rest_route=%2Fwp%2Fv2%2Ftags&post=13678"}],"curies":[{"name":"wp","href":"https:\/\/api.w.org\/{rel}","templated":true}]}}