{"id":13761,"date":"2024-03-04T08:16:04","date_gmt":"2024-03-04T08:16:04","guid":{"rendered":"https:\/\/mycor.iam.inrae.fr\/ARBRE\/?p=13761"},"modified":"2024-03-04T08:16:04","modified_gmt":"2024-03-04T08:16:04","slug":"cycle-de-seminaires-seminaire-forets-climat-et-societe-14-03-24","status":"publish","type":"post","link":"https:\/\/mycor.iam.inrae.fr\/ARBRE\/?p=13761","title":{"rendered":"Cycle de s\u00e9minaires S\u00e9minaire For\u00eats, Climat et Soci\u00e9t\u00e9 \u2013 14\/03\/24"},"content":{"rendered":"<p>Soutenu par le LabEx ARBRE, le 15\u00e8me\u00a0<strong>S\u00e9minaire For\u00eats, Climat et Soci\u00e9t\u00e9<\/strong> accueillera <strong>Valentin Mathieu<\/strong>, Ing\u00e9nieur de Recherche AgroParisTech rattach\u00e9 \u00e0 l&rsquo;UMR SILVA et chercheur associ\u00e9 \u00e0 l&rsquo;UMR BETA, qui nous pr\u00e9sentera un panorama de ses travaux de th\u00e8se men\u00e9s en \u00e9conomie foresti\u00e8re.<br \/>\nSon intervention portera sur le sujet : <strong>\u00ab Le bois, le commerce, les villes : vers de nouvelles approches de mod\u00e9lisation de l&rsquo;\u00e9conomie mondiale du bois \u00bb. <\/strong><\/p>\n<p>Le s\u00e9minaire aura lieu le <strong>jeudi 14 mars 2024 \u00e0 14 heures<\/strong>, dans la salle <strong>Jacamon 1 \u00e0 AgroParisTech<\/strong>, campus de Nancy.<\/p>\n<p><span style=\"text-decoration: underline;\"><em>R\u00e9sum\u00e9 <\/em><\/span>:<br \/>\n<em>Pour atteindre les objectifs de d\u00e9veloppement durable et de gestion durable des ressources naturelles, une compr\u00e9hension approfondie des diff\u00e9rents facteurs qui contribuent \u00e0 l&rsquo;\u00e9conomie du bois, ainsi qu&rsquo;une pr\u00e9vision pr\u00e9cise de l&rsquo;offre et de la demande de bois, sont essentielles. De telles analyses s&rsquo;appuient aujourd&rsquo;hui principalement sur des mod\u00e8les, les \u201cmod\u00e8les de flux commerciaux de bois\u201d, qui \u00e9tudient la production, le commerce et la consommation de bois.\u00a0 Mes travaux de th\u00e8se m\u00e8nent une analyse critique des pratiques contemporaines de mod\u00e9lisation des flux commerciaux de bois, et proposent des approches originales de mod\u00e9lisation pour l&rsquo;analyse \u00e9conomique de la demande urbaine en bois et du commerce international des produits bois. Ces travaux se divisent en quatre chapitres. Le chapitre 1 pr\u00e9sente une m\u00e9ta-analyse des concepts de mod\u00e9lisation des flux commerciaux du bois. Il conclut que les mod\u00e8les \u00e9conomiques s&rsquo;appuient sur un ensemble restreint de quatre cat\u00e9gories de facteurs, n\u00e9gligeant ainsi d\u2019autres facteurs importants, comme l\u2019urbanisation. Le chapitre 2 d\u00e9veloppe une mod\u00e9lisation spatiale de la demande urbaine en bois. En prenant en compte l&rsquo;urbanisation comme facteur de l&rsquo;\u00e9conomie mondiale du bois, le mod\u00e8le propose une repr\u00e9sentation r\u00e9aliste et pr\u00e9cise des ph\u00e9nom\u00e8nes \u00e9conomiques forestiers, sugg\u00e9rant un r\u00f4le d\u00e9terminant des dynamiques urbaines dans l\u2019\u00e9conomie globale du bois. Le chapitre 3 met en \u00e9vidence plusieurs incoh\u00e9rences entre les donn\u00e9es d&rsquo;exportation et d&rsquo;importation et propose une m\u00e9thode pour tenir compte des erreurs de mesure dans les analyses commerciales. Ce chapitre sugg\u00e8re que ces disparit\u00e9s sont significatives et que le fait de ne pas corriger les mod\u00e8les pour tenir compte des erreurs dans les donn\u00e9es commerciales biaise les r\u00e9sultats des mod\u00e8les. Le chapitre 4 effectue une analyse de r\u00e9seau du commerce du bois rond. Bien que cette analyse soit principalement descriptive, elle fournit un mod\u00e8le r\u00e9aliste d\u2019\u00e9valuation de la structure du r\u00e9seau commercial et ses dynamiques. Mes travaux de th\u00e8se mettent en avant la n\u00e9cessit\u00e9 d\u2019anticiper la future demande urbaine en bois, questionnent l&rsquo;efficacit\u00e9 des politiques de r\u00e9gulation \u00e9conomique appliqu\u00e9s aux for\u00eats et aux produits bois, et sugg\u00e8rent des strat\u00e9gies commerciales visant \u00e0 minimiser les risques de march\u00e9.<\/em><\/p>\n<p>Pour celles et ceux qui ne pourront pas assister en pr\u00e9sentiel, vous pourrez le faire \u00e0 distance en vous inscrivant au lien suivant :\u00a0<a href=\"https:\/\/inrae-fr.zoom.us\/webinar\/register\/WN_C-e-qtMMRfSYGYsQKY1QVQ\">https:\/\/inrae-fr.zoom.us\/webinar\/register\/WN_C-e-qtMMRfSYGYsQKY1QVQ<\/a><\/p>\n<p><span style=\"text-decoration: underline;\">Equipe d\u2019organisation<\/span> :<\/p>\n<ul>\n<li>Nikola Besic (LIF, ENSG\/IGN) &#8211; <a href=\"mailto:nikola.besic@ign.fr\">nikola.besic@ign.fr<\/a><\/li>\n<li>Esther Devilliers (UMR Beta, INRAe) &#8211; <a href=\"mailto:esther.devilliers@inrae.fr\">esther.devilliers@inrae.fr<\/a><\/li>\n<li>Julien Sainte-Marie (UMR Silva, AgroParisTech) &#8211; <a href=\"mailto:julien.sainte-marie@agroparistech.fr\">julien.sainte-marie@agroparistech.fr<\/a><\/li>\n<\/ul>\n<p>Retrouvez nos pr\u00e9c\u00e9dents s\u00e9minaire sur Youtube: <a href=\"https:\/\/www.youtube.com\/channel\/UCI8mDTpK0A6Jn_66kbkgPbA\">https:\/\/www.youtube.com\/channel\/UCI8mDTpK0A6Jn_66kbkgPbA<\/a><\/p>\n","protected":false},"excerpt":{"rendered":"<p>Soutenu par le LabEx ARBRE, le 15\u00e8me\u00a0S\u00e9minaire For\u00eats, Climat et Soci\u00e9t\u00e9 accueillera Valentin Mathieu, Ing\u00e9nieur de Recherche AgroParisTech rattach\u00e9 \u00e0 l&rsquo;UMR SILVA et chercheur associ\u00e9 \u00e0 l&rsquo;UMR BETA, qui nous pr\u00e9sentera un panorama de ses travaux de th\u00e8se men\u00e9s en &hellip; <a href=\"https:\/\/mycor.iam.inrae.fr\/ARBRE\/?p=13761\">Continuer la lecture <span class=\"meta-nav\">&rarr;<\/span><\/a><\/p>\n","protected":false},"author":9,"featured_media":0,"comment_status":"closed","ping_status":"closed","sticky":false,"template":"","format":"standard","meta":{"footnotes":""},"categories":[32],"tags":[],"class_list":["post-13761","post","type-post","status-publish","format-standard","hentry","category-seminaires"],"_links":{"self":[{"href":"https:\/\/mycor.iam.inrae.fr\/ARBRE\/index.php?rest_route=\/wp\/v2\/posts\/13761","targetHints":{"allow":["GET"]}}],"collection":[{"href":"https:\/\/mycor.iam.inrae.fr\/ARBRE\/index.php?rest_route=\/wp\/v2\/posts"}],"about":[{"href":"https:\/\/mycor.iam.inrae.fr\/ARBRE\/index.php?rest_route=\/wp\/v2\/types\/post"}],"author":[{"embeddable":true,"href":"https:\/\/mycor.iam.inrae.fr\/ARBRE\/index.php?rest_route=\/wp\/v2\/users\/9"}],"replies":[{"embeddable":true,"href":"https:\/\/mycor.iam.inrae.fr\/ARBRE\/index.php?rest_route=%2Fwp%2Fv2%2Fcomments&post=13761"}],"version-history":[{"count":0,"href":"https:\/\/mycor.iam.inrae.fr\/ARBRE\/index.php?rest_route=\/wp\/v2\/posts\/13761\/revisions"}],"wp:attachment":[{"href":"https:\/\/mycor.iam.inrae.fr\/ARBRE\/index.php?rest_route=%2Fwp%2Fv2%2Fmedia&parent=13761"}],"wp:term":[{"taxonomy":"category","embeddable":true,"href":"https:\/\/mycor.iam.inrae.fr\/ARBRE\/index.php?rest_route=%2Fwp%2Fv2%2Fcategories&post=13761"},{"taxonomy":"post_tag","embeddable":true,"href":"https:\/\/mycor.iam.inrae.fr\/ARBRE\/index.php?rest_route=%2Fwp%2Fv2%2Ftags&post=13761"}],"curies":[{"name":"wp","href":"https:\/\/api.w.org\/{rel}","templated":true}]}}