{"id":1434,"date":"2013-08-20T07:48:56","date_gmt":"2013-08-20T07:48:56","guid":{"rendered":"https:\/\/mycor.iam.inrae.fr\/ARBRE\/?p=1434"},"modified":"2013-09-11T13:38:09","modified_gmt":"2013-09-11T13:38:09","slug":"linstitut-europeen-des-forets-fete-ses-20-ans-a-nancy","status":"publish","type":"post","link":"https:\/\/mycor.iam.inrae.fr\/ARBRE\/?p=1434","title":{"rendered":"L&rsquo;Institut Europ\u00e9en des For\u00eats f\u00eate ses 20 ans \u00e0 Nancy"},"content":{"rendered":"<blockquote>\n<div>\n<div>\n<div>\n<div>\n<p><em><a href=\"https:\/\/mycor.iam.inrae.fr\/ARBRE\/wp-content\/uploads\/2013\/08\/logo-EFI5.jpg\"><br \/>\n<\/a><a href=\"https:\/\/mycor.iam.inrae.fr\/ARBRE\/wp-content\/uploads\/2013\/08\/logo-EFI7.jpg\"><img loading=\"lazy\" decoding=\"async\" class=\"alignleft  wp-image-1442\" title=\"logo EFI\" src=\"https:\/\/mycor.iam.inrae.fr\/ARBRE\/wp-content\/uploads\/2013\/08\/logo-EFI7-150x150.jpg\" alt=\"\" width=\"108\" height=\"108\" \/><\/a>Plusieurs centaines de personnes de toute l&rsquo;Europe voire au-del\u00e0 sont attendues \u00e0 Nancy du 23 au 27 septembre pour c\u00e9l\u00e9brer 20 ans de recherches foresti\u00e8res en Europe. <\/em><\/p>\n<p>&nbsp;<\/p>\n<p><em>Parmi les moments-cl\u00e9s de la semaine, le\u00a0<a href=\"http:\/\/www.efi.int\/portal\/efi20years\/ac2013\/programme\/wednesday_25_september\/\">forum \u00ab\u00a0Our forests in the 21st century \u2013 ready for risks and opportunities?\u00a0\u00bb le mercredi 25 septembre au Palais des congr\u00e8s de Nancy<\/a>, suivi de la rencontre\u00a0<a href=\"http:\/\/www.efi.int\/portal\/efi20years\/ac2013\/programme\/thursday_26_september\/risk_session\/\">\u00ab\u00a0Risks to European Forests \u2013 What added value can a European Forest Risk Facility provide?\u00a0\u00bb le 26 septembre, toujours au Palais des congr\u00e8s<\/a>.\u00a0<\/em><a href=\"http:\/\/inra-dam-front-resources-cdn.brainsonic.com\/ressources\/afile\/239457-be117-resource-efi-20th-annual-conference-2nd-announcement.html\">Cliquez ici pour t\u00e9l\u00e9charger la 2<sup>nde<\/sup>\u00a0annonce<\/a>\u00a0en anglais.<\/p>\n<p><em>Parmi les intervenants d\u00e9j\u00e0 confirm\u00e9s pour la journ\u00e9e du 25 septembre figurent des noms de prestige comme le Pr. Dr. Eduardo Rojas-Briales (FAO), Dr. Janez Poto\u010dnik (commissaire \u00e0 l\u2019environnement, Commission europ\u00e9enne), M. Kriton Arsenis (Parlement europ\u00e9en) ou Mme. Jan McAlpine (Forum des Nations Unies pour les for\u00eats).<\/em><\/p>\n<p><em>A noter \u00e9galement, une\u00a0<a href=\"http:\/\/www.nancy.inra.fr\/Evenements\/Conference-Forets-en-Europe-EFI-2013\">table ronde grand-public le mardi 24 septembre \u00e0 20h au Mus\u00e9um-aquarium de Nancy (\u00ab\u00a0For\u00eats d\u2019Europe : pr\u00eates pour l\u2019avenir ?\u00a0\u00bb)<\/a>\u00a0et\u00a0<a href=\"http:\/\/www.efi.int\/portal\/efi20years\/ac2013\/field_trip\/\">deux\u00a0<strong>sorties de terrain<\/strong>\u00a0le vendredi 27 septembre<\/a>\u00a0(sortie \u00e0 la demi-journ\u00e9e le matin \u00e0 Champenoux et sortie \u00e0 la journ\u00e9e en for\u00eat de Haye).<\/em><\/p>\n<p><em>Enfin, plusieurs r\u00e9unions parall\u00e8les et \u00e9v\u00e8nements satellites auront lieu autour de la semaine \u00e9v\u00e8nementielle.\u00a0<\/em><a href=\"http:\/\/www.efi.int\/portal\/efi20years\/ac2013\/\" target=\"_blank\">Plus d&rsquo;infos sur le site officiel de l\u2019\u00e9v\u00e8nement (en anglais).<\/a><\/p>\n<p><em>L&rsquo;\u00e9v\u00e9nement est co-organis\u00e9 par l\u2019Institut europ\u00e9en des for\u00eats (EFI) \u00e0 travers son bureau r\u00e9gional pour l\u2019Europe centrale et l\u2019Observatoire europ\u00e9en des for\u00eats (EFICENT-OEF), l\u2019Institut national de la recherche agronomique (Inra), l\u2019Universit\u00e9 de Lorraine, AgroParisTech, le GIP Ecofor et le Labex ARBRE.<\/em><\/p>\n<p><em>\u00a0<\/em><\/p>\n<\/div>\n<\/div>\n<\/div>\n<\/div>\n<\/blockquote>\n","protected":false},"excerpt":{"rendered":"<p>Plusieurs centaines de personnes de toute l&rsquo;Europe voire au-del\u00e0 sont attendues \u00e0 Nancy du 23 au 27 septembre pour c\u00e9l\u00e9brer 20 ans de recherches foresti\u00e8res en Europe. &nbsp; Parmi les moments-cl\u00e9s de la semaine, le\u00a0forum \u00ab\u00a0Our forests in the 21st &hellip; <a href=\"https:\/\/mycor.iam.inrae.fr\/ARBRE\/?p=1434\">Continuer la lecture <span class=\"meta-nav\">&rarr;<\/span><\/a><\/p>\n","protected":false},"author":2,"featured_media":0,"comment_status":"closed","ping_status":"open","sticky":false,"template":"","format":"standard","meta":{"footnotes":""},"categories":[1],"tags":[],"class_list":["post-1434","post","type-post","status-publish","format-standard","hentry","category-divers"],"_links":{"self":[{"href":"https:\/\/mycor.iam.inrae.fr\/ARBRE\/index.php?rest_route=\/wp\/v2\/posts\/1434","targetHints":{"allow":["GET"]}}],"collection":[{"href":"https:\/\/mycor.iam.inrae.fr\/ARBRE\/index.php?rest_route=\/wp\/v2\/posts"}],"about":[{"href":"https:\/\/mycor.iam.inrae.fr\/ARBRE\/index.php?rest_route=\/wp\/v2\/types\/post"}],"author":[{"embeddable":true,"href":"https:\/\/mycor.iam.inrae.fr\/ARBRE\/index.php?rest_route=\/wp\/v2\/users\/2"}],"replies":[{"embeddable":true,"href":"https:\/\/mycor.iam.inrae.fr\/ARBRE\/index.php?rest_route=%2Fwp%2Fv2%2Fcomments&post=1434"}],"version-history":[{"count":0,"href":"https:\/\/mycor.iam.inrae.fr\/ARBRE\/index.php?rest_route=\/wp\/v2\/posts\/1434\/revisions"}],"wp:attachment":[{"href":"https:\/\/mycor.iam.inrae.fr\/ARBRE\/index.php?rest_route=%2Fwp%2Fv2%2Fmedia&parent=1434"}],"wp:term":[{"taxonomy":"category","embeddable":true,"href":"https:\/\/mycor.iam.inrae.fr\/ARBRE\/index.php?rest_route=%2Fwp%2Fv2%2Fcategories&post=1434"},{"taxonomy":"post_tag","embeddable":true,"href":"https:\/\/mycor.iam.inrae.fr\/ARBRE\/index.php?rest_route=%2Fwp%2Fv2%2Ftags&post=1434"}],"curies":[{"name":"wp","href":"https:\/\/api.w.org\/{rel}","templated":true}]}}