{"id":1455,"date":"2013-08-21T15:11:19","date_gmt":"2013-08-21T15:11:19","guid":{"rendered":"https:\/\/mycor.iam.inrae.fr\/ARBRE\/?p=1455"},"modified":"2013-10-03T08:41:36","modified_gmt":"2013-10-03T08:41:36","slug":"sciences-principe-de-precaution-place-du-futur","status":"publish","type":"post","link":"https:\/\/mycor.iam.inrae.fr\/ARBRE\/?p=1455","title":{"rendered":"Sciences, Principe de pr\u00e9caution, place du futur"},"content":{"rendered":"<div><a href=\"https:\/\/mycor.iam.inrae.fr\/ARBRE\/wp-content\/uploads\/2013\/08\/elysee.jpg\"><img loading=\"lazy\" decoding=\"async\" class=\"alignleft size-thumbnail wp-image-1456\" title=\"elysee\" src=\"https:\/\/mycor.iam.inrae.fr\/ARBRE\/wp-content\/uploads\/2013\/08\/elysee-150x150.jpg\" alt=\"\" width=\"150\" height=\"150\" \/><\/a>Francis MARTIN, Directeur du Laboratoire d&rsquo;Excellence ARBRE, a particip\u00e9 mardi 20 ao\u00fbt, \u00e0 un d\u00e9jeuner au Palais de l&rsquo;Elys\u00e9e en pr\u00e9sence de M. le Pr\u00e9sident de la R\u00e9publique, Fran\u00e7ois HOLLANDE, \u00a0M. Philippe MARTIN,\u00a0ministre de l\u2019Ecologie, du D\u00e9veloppement durable et de l\u2019Energie, de\u00a0Mme Genevi\u00e8ve FIORASO, ministre de l\u2019Enseignement sup\u00e9rieur et de la\u00a0Recherche, ainsi que de :<\/div>\n<div>.<\/div>\n<div>&#8211;\u00a0M. Edouard BREZIN, Professeur, Pr\u00e9sident de l&rsquo;Acad\u00e9mie des Sciences<\/div>\n<div>&#8211;\u00a0M. Gilles B\u0152UF, Professeur, Pr\u00e9sident du Mus\u00e9um<\/div>\n<div>&#8211;\u00a0M. Jean JOUZEL, Pr\u00e9sident du Haut Conseil sur la Science et la Technologie<\/div>\n<div>&#8211;\u00a0Mme Eva PEBAY-PEYROULA,\u00a0Professeur,<\/div>\n<div><\/div>\n<div>L&rsquo;objet de la r\u00e9union \u00e9tait : \u00ab\u00a0<strong>Sciences, Principe de pr\u00e9caution, place du futur<\/strong>\u00ab\u00a0.<\/div>\n<div>.<\/div>\n<div><\/div>\n<div><\/div>\n","protected":false},"excerpt":{"rendered":"<p>Francis MARTIN, Directeur du Laboratoire d&rsquo;Excellence ARBRE, a particip\u00e9 mardi 20 ao\u00fbt, \u00e0 un d\u00e9jeuner au Palais de l&rsquo;Elys\u00e9e en pr\u00e9sence de M. le Pr\u00e9sident de la R\u00e9publique, Fran\u00e7ois HOLLANDE, \u00a0M. Philippe MARTIN,\u00a0ministre de l\u2019Ecologie, du D\u00e9veloppement durable et de &hellip; <a href=\"https:\/\/mycor.iam.inrae.fr\/ARBRE\/?p=1455\">Continuer la lecture <span class=\"meta-nav\">&rarr;<\/span><\/a><\/p>\n","protected":false},"author":2,"featured_media":0,"comment_status":"closed","ping_status":"open","sticky":false,"template":"","format":"standard","meta":{"footnotes":""},"categories":[4,6],"tags":[],"class_list":["post-1455","post","type-post","status-publish","format-standard","hentry","category-evenements","category-reunions"],"_links":{"self":[{"href":"https:\/\/mycor.iam.inrae.fr\/ARBRE\/index.php?rest_route=\/wp\/v2\/posts\/1455","targetHints":{"allow":["GET"]}}],"collection":[{"href":"https:\/\/mycor.iam.inrae.fr\/ARBRE\/index.php?rest_route=\/wp\/v2\/posts"}],"about":[{"href":"https:\/\/mycor.iam.inrae.fr\/ARBRE\/index.php?rest_route=\/wp\/v2\/types\/post"}],"author":[{"embeddable":true,"href":"https:\/\/mycor.iam.inrae.fr\/ARBRE\/index.php?rest_route=\/wp\/v2\/users\/2"}],"replies":[{"embeddable":true,"href":"https:\/\/mycor.iam.inrae.fr\/ARBRE\/index.php?rest_route=%2Fwp%2Fv2%2Fcomments&post=1455"}],"version-history":[{"count":0,"href":"https:\/\/mycor.iam.inrae.fr\/ARBRE\/index.php?rest_route=\/wp\/v2\/posts\/1455\/revisions"}],"wp:attachment":[{"href":"https:\/\/mycor.iam.inrae.fr\/ARBRE\/index.php?rest_route=%2Fwp%2Fv2%2Fmedia&parent=1455"}],"wp:term":[{"taxonomy":"category","embeddable":true,"href":"https:\/\/mycor.iam.inrae.fr\/ARBRE\/index.php?rest_route=%2Fwp%2Fv2%2Fcategories&post=1455"},{"taxonomy":"post_tag","embeddable":true,"href":"https:\/\/mycor.iam.inrae.fr\/ARBRE\/index.php?rest_route=%2Fwp%2Fv2%2Ftags&post=1455"}],"curies":[{"name":"wp","href":"https:\/\/api.w.org\/{rel}","templated":true}]}}