{"id":1978,"date":"2013-10-16T14:25:26","date_gmt":"2013-10-16T14:25:26","guid":{"rendered":"https:\/\/mycor.iam.inrae.fr\/ARBRE\/?p=1978"},"modified":"2013-10-16T15:46:05","modified_gmt":"2013-10-16T15:46:05","slug":"plantredyn-atelier","status":"publish","type":"post","link":"https:\/\/mycor.iam.inrae.fr\/ARBRE\/?p=1978","title":{"rendered":"PlantReDyn Atelier"},"content":{"rendered":"<p><strong><a href=\"https:\/\/mycor.iam.inrae.fr\/ARBRE\/wp-content\/uploads\/2013\/10\/IMG_8567_small4.jpg\"><img loading=\"lazy\" decoding=\"async\" class=\"alignleft size-medium wp-image-1987\" title=\"IMG_8567_small\" src=\"https:\/\/mycor.iam.inrae.fr\/ARBRE\/wp-content\/uploads\/2013\/10\/IMG_8567_small4-300x200.jpg\" alt=\"\" width=\"300\" height=\"200\" srcset=\"https:\/\/mycor.iam.inrae.fr\/ARBRE\/wp-content\/uploads\/2013\/10\/IMG_8567_small4-300x200.jpg 300w, https:\/\/mycor.iam.inrae.fr\/ARBRE\/wp-content\/uploads\/2013\/10\/IMG_8567_small4-449x300.jpg 449w, https:\/\/mycor.iam.inrae.fr\/ARBRE\/wp-content\/uploads\/2013\/10\/IMG_8567_small4.jpg 640w\" sizes=\"auto, (max-width: 300px) 100vw, 300px\" \/><\/a>Plant Reserve Dynamics Workshop<\/strong><\/p>\n<p>16-17 octobre 2013<\/p>\n<p>Salle Aubergine &#8211; INRA, Champenoux<\/p>\n<p>________________________________<\/p>\n<p><strong><em>Contexte<\/em> \u2014<\/strong> Les agro-\u00e9cosyst\u00e8mes p\u00e9rennes diff\u00e8rent des \u00e9cosyst\u00e8mes naturels car leur productivit\u00e9 implique une gestion imposant des perturbations r\u00e9p\u00e9t\u00e9es polluantes (irrigation, engrais, produits phytosanitaires, &#8230;). Les probl\u00e8mes soci\u00e9taux et environnementaux que ces perturbations cr\u00e9ent, n\u00e9cessitent leur diminution, mais sous climat changeant, les cons\u00e9quences sur la productivit\u00e9 sont mal connues, notamment pour les for\u00eats plant\u00e9es et l&rsquo;industrie foresti\u00e8re. L\u2019\u00e9tude des changements de gestion sur le fonctionnement (C, N, eau) et la productivit\u00e9 d\u2019agro-\u00e9cosyst\u00e8mes p\u00e9rennes est donc n\u00e9cessaire afin de pouvoir proposer des strat\u00e9gies de gestion appropri\u00e9es.<\/p>\n<p><strong><em>Objectif<\/em> \u2014<\/strong> Pour progresser dans la connaissance des m\u00e9canismes physiologiques assurant la r\u00e9sistance au stress, la survie, la r\u00e9cup\u00e9ration ou non, et donc la stabilit\u00e9 de la production des agro-\u00e9cosyst\u00e8mes sur plusieurs ann\u00e9es contrast\u00e9es, un consortium scientifique a \u00e9t\u00e9 cr\u00e9\u00e9, unissant les forces de scientifiques fran\u00e7ais \u00e9cophysiologistes et mod\u00e9lisateurs (INRA, CIRAD, CNRS, universit\u00e9s), qui travaillent sur les arbres forestiers et fruitiers, les plantations de peupliers commerciales et les cultures fourrag\u00e8res vivaces des r\u00e9gions temp\u00e9r\u00e9es et m\u00e9diterran\u00e9ennes.<\/p>\n<p>L\u2019atelier financ\u00e9 par le labex ARBRE (INRA Nancy, 17 Octobre 2013)<em> <\/em>permettra d\u2019avancer dans les discussions et de finaliser pour 2014 le projet RESIST\u00a0(Dynamique des r\u00e9serves des plantes\u00a0: une cl\u00e9 pour la p\u00e9rennit\u00e9 et la productivit\u00e9 des agro-\u00e9cosyst\u00e8mes p\u00e9rennes sous stress croissants).<\/p>\n<p>Pour le programme d\u00e9taill\u00e9 veuillez cliquer ici \u2013 <strong><a href=\"https:\/\/mycor.iam.inrae.fr\/ARBRE\/wp-content\/uploads\/2013\/10\/Programme-journe\u0301e-Labex-ARBRE-et-liste-des-participants-du-16-et-17-octobre-2013-1.pdf\" class=\"mtli_attachment mtli_pdf\">Programme <\/a><\/strong><\/p>\n<p>&nbsp;<\/p>\n","protected":false},"excerpt":{"rendered":"<p>Plant Reserve Dynamics Workshop 16-17 octobre 2013 Salle Aubergine &#8211; INRA, Champenoux ________________________________ Contexte \u2014 Les agro-\u00e9cosyst\u00e8mes p\u00e9rennes diff\u00e8rent des \u00e9cosyst\u00e8mes naturels car leur productivit\u00e9 implique une gestion imposant des perturbations r\u00e9p\u00e9t\u00e9es polluantes (irrigation, engrais, produits phytosanitaires, &#8230;). Les probl\u00e8mes &hellip; <a href=\"https:\/\/mycor.iam.inrae.fr\/ARBRE\/?p=1978\">Continuer la lecture <span class=\"meta-nav\">&rarr;<\/span><\/a><\/p>\n","protected":false},"author":4,"featured_media":0,"comment_status":"closed","ping_status":"open","sticky":false,"template":"","format":"standard","meta":{"footnotes":""},"categories":[5,35],"tags":[],"class_list":["post-1978","post","type-post","status-publish","format-standard","hentry","category-ateliers","category-conferences"],"_links":{"self":[{"href":"https:\/\/mycor.iam.inrae.fr\/ARBRE\/index.php?rest_route=\/wp\/v2\/posts\/1978","targetHints":{"allow":["GET"]}}],"collection":[{"href":"https:\/\/mycor.iam.inrae.fr\/ARBRE\/index.php?rest_route=\/wp\/v2\/posts"}],"about":[{"href":"https:\/\/mycor.iam.inrae.fr\/ARBRE\/index.php?rest_route=\/wp\/v2\/types\/post"}],"author":[{"embeddable":true,"href":"https:\/\/mycor.iam.inrae.fr\/ARBRE\/index.php?rest_route=\/wp\/v2\/users\/4"}],"replies":[{"embeddable":true,"href":"https:\/\/mycor.iam.inrae.fr\/ARBRE\/index.php?rest_route=%2Fwp%2Fv2%2Fcomments&post=1978"}],"version-history":[{"count":0,"href":"https:\/\/mycor.iam.inrae.fr\/ARBRE\/index.php?rest_route=\/wp\/v2\/posts\/1978\/revisions"}],"wp:attachment":[{"href":"https:\/\/mycor.iam.inrae.fr\/ARBRE\/index.php?rest_route=%2Fwp%2Fv2%2Fmedia&parent=1978"}],"wp:term":[{"taxonomy":"category","embeddable":true,"href":"https:\/\/mycor.iam.inrae.fr\/ARBRE\/index.php?rest_route=%2Fwp%2Fv2%2Fcategories&post=1978"},{"taxonomy":"post_tag","embeddable":true,"href":"https:\/\/mycor.iam.inrae.fr\/ARBRE\/index.php?rest_route=%2Fwp%2Fv2%2Ftags&post=1978"}],"curies":[{"name":"wp","href":"https:\/\/api.w.org\/{rel}","templated":true}]}}