{"id":2029,"date":"2013-10-23T12:31:18","date_gmt":"2013-10-23T12:31:18","guid":{"rendered":"https:\/\/mycor.iam.inrae.fr\/ARBRE\/?p=2029"},"modified":"2013-10-24T09:30:32","modified_gmt":"2013-10-24T09:30:32","slug":"master-fage-seminaire","status":"publish","type":"post","link":"https:\/\/mycor.iam.inrae.fr\/ARBRE\/?p=2029","title":{"rendered":"Master FAGE S\u00e9minaires"},"content":{"rendered":"<p><a href=\"https:\/\/mycor.iam.inrae.fr\/ARBRE\/wp-content\/uploads\/2013\/10\/wood-economy4.jpg\"><img loading=\"lazy\" decoding=\"async\" class=\"alignleft size-full wp-image-2077\" title=\"wood economy\" src=\"https:\/\/mycor.iam.inrae.fr\/ARBRE\/wp-content\/uploads\/2013\/10\/wood-economy4.jpg\" alt=\"\" width=\"221\" height=\"310\" srcset=\"https:\/\/mycor.iam.inrae.fr\/ARBRE\/wp-content\/uploads\/2013\/10\/wood-economy4.jpg 221w, https:\/\/mycor.iam.inrae.fr\/ARBRE\/wp-content\/uploads\/2013\/10\/wood-economy4-213x300.jpg 213w\" sizes=\"auto, (max-width: 221px) 100vw, 221px\" \/><\/a>Programme de s\u00e9minaires inter-unit\u00e9s soutenus par Labex ARBRE et en partenariat avec le master FAGE (Universit\u00e9 de Lorraine &#8211; AgroParisTech).<\/p>\n<p>le 8 novembre 2013<\/p>\n<p>13h30 \u00e0 16h30<\/p>\n<p>INRA Nancy centre, Champenoux<br \/>\n_______________________________________________________________<\/p>\n<p>Quatre s\u00e9minaires se succ\u00e9deront dans l&rsquo;apr\u00e8s-midi :<\/p>\n<p><strong>Jens Abildtrup<\/strong> (INRA Nancy-Lorraine, Laboratoire d&rsquo;Economie Foresti\u00e8re &#8211; LEF) &#8211;<br \/>\n<em>\u00ab\u00a0The recreative value of forests : Assessment and policy implications\u00a0\u00bb.<\/em><\/p>\n<p><strong>Raphphael Calama <\/strong>(Instituto Nacional de Investigacion y Tecnologia Agraria y Alimentaria INIA, Espagne) &#8211; \u00ab\u00a0<em>Research and management of nonwood forest products\u00a0\u00bb<\/em><strong><em>.<\/em><br \/>\n<\/strong><\/p>\n<p><strong>Rub\u00e9n Manso<\/strong> (INRA Nancy-Lorraine, Laboratoire d&rsquo;Etudes des Ressources For\u00eat-Bois &#8211; LEFORB) &#8211; \u00ab\u00a0Individual growth and mortality in mixed stands of oak and beech\u00a0\u00bb.<br \/>\n<em>\u00ab\u00a0The recreative value of forests : Assessment and policy implications\u00a0\u00bb.<\/em><\/p>\n<p><strong>Mathieu Fortin<\/strong> (AgroParis Tech, Laboratoire d&rsquo;Etudes des Ressources For\u00eat-Bois &#8211; LEFORB) &#8211; \u00ab\u00a0<em>Simulating forest growth from trees to stands\u00a0\u00bb.<br \/>\n<\/em><\/p>\n<p>________________________________________<\/p>\n<p><strong><br \/>\nPr\u00e9sentation de master FAGE<br \/>\n<\/strong><em>Master Biologie et \u00e9cologie pour la For\u00eat, l\u2019Agronomie et l\u2019Environnement (FAGE)<br \/>\n(Universit\u00e9 de Lorraine &#8211; AgroParisTech).<strong><br \/>\n<\/strong><\/em><\/p>\n<p>L&rsquo;objectif scientifique de la mention FAGE est de donner \u00e0 des \u00e9tudiants ayant d\u00e9j\u00e0 une premi\u00e8re formation en biologie, chimie ou sciences de la terre une formation sur des concepts de biologie communs aux domaines d\u2019application des diff\u00e9rentes sp\u00e9cialit\u00e9s de la mention, et une ma\u00eetrise des outils (communication, exp\u00e9rimentation, enqu\u00eate, interpr\u00e9tation des donn\u00e9es, \u2026) indispensables aux d\u00e9marches de recherche et de gestion.<br \/>\nL\u2019objectif de la formation est \u00e9galement d\u2019amener les \u00e9tudiants \u00e0 int\u00e9grer les demandes soci\u00e9tales li\u00e9es \u00e0 ces domaines d\u2019application, et en particulier par une r\u00e9flexion sur les enjeux et les outils du d\u00e9veloppement durable.<\/p>\n<p>Dans une optique de biologie int\u00e9grative, la formation s&rsquo;appuiera sur la biologie mol\u00e9culaire et cellulaire, la microbiologie, la g\u00e9n\u00e9tique, la physiologie et l&rsquo;\u00e9cophysiologie. Dans une optique d&rsquo;analyse \u00e9cologique, la formation permettra l&rsquo;acquisition d&rsquo;outils de l&rsquo;\u00e9cologie fonctionnelle, de la p\u00e9dologie, de l&rsquo;\u00e9cologie des populations, des communaut\u00e9s et des paysages. Dans une optique d\u2019analyse de fili\u00e8res et de syst\u00e8mes de production, la formation enseignera la conception, la mesure et la mod\u00e9lisation d\u2019indicateurs de performance et de durabilit\u00e9, dans un contexte d\u2019innovation.<\/p>\n<p>La fili\u00e8re bois qui occupe une place importante dans l\u2019\u00e9conomie r\u00e9gionale sera au c\u0153ur de certaines sp\u00e9cialit\u00e9s, avec la volont\u00e9 de couvrir la fili\u00e8re de la ressource au mat\u00e9riau, de la biologie de l\u2019arbre \u00e0 l\u2019insertion de la for\u00eat dans le paysage, et avec une ouverture forte \u00e0 l\u2019international avec une sp\u00e9cialit\u00e9 en anglais et une sp\u00e9cialit\u00e9 centr\u00e9e sur les for\u00eats tropicales. Les connaissances scientifiques acquises par les \u00e9tudiants seront soit orient\u00e9es vers des approfondissements fondamentaux, soit reli\u00e9es \u00e0 la r\u00e9solution de grands probl\u00e8mes environnementaux.<\/p>\n","protected":false},"excerpt":{"rendered":"<p>Programme de s\u00e9minaires inter-unit\u00e9s soutenus par Labex ARBRE et en partenariat avec le master FAGE (Universit\u00e9 de Lorraine &#8211; AgroParisTech). le 8 novembre 2013 13h30 \u00e0 16h30 INRA Nancy centre, Champenoux _______________________________________________________________ Quatre s\u00e9minaires se succ\u00e9deront dans l&rsquo;apr\u00e8s-midi : Jens &hellip; <a href=\"https:\/\/mycor.iam.inrae.fr\/ARBRE\/?p=2029\">Continuer la lecture <span class=\"meta-nav\">&rarr;<\/span><\/a><\/p>\n","protected":false},"author":4,"featured_media":0,"comment_status":"closed","ping_status":"open","sticky":false,"template":"","format":"standard","meta":{"footnotes":""},"categories":[1,4,32],"tags":[],"class_list":["post-2029","post","type-post","status-publish","format-standard","hentry","category-divers","category-evenements","category-seminaires"],"_links":{"self":[{"href":"https:\/\/mycor.iam.inrae.fr\/ARBRE\/index.php?rest_route=\/wp\/v2\/posts\/2029","targetHints":{"allow":["GET"]}}],"collection":[{"href":"https:\/\/mycor.iam.inrae.fr\/ARBRE\/index.php?rest_route=\/wp\/v2\/posts"}],"about":[{"href":"https:\/\/mycor.iam.inrae.fr\/ARBRE\/index.php?rest_route=\/wp\/v2\/types\/post"}],"author":[{"embeddable":true,"href":"https:\/\/mycor.iam.inrae.fr\/ARBRE\/index.php?rest_route=\/wp\/v2\/users\/4"}],"replies":[{"embeddable":true,"href":"https:\/\/mycor.iam.inrae.fr\/ARBRE\/index.php?rest_route=%2Fwp%2Fv2%2Fcomments&post=2029"}],"version-history":[{"count":0,"href":"https:\/\/mycor.iam.inrae.fr\/ARBRE\/index.php?rest_route=\/wp\/v2\/posts\/2029\/revisions"}],"wp:attachment":[{"href":"https:\/\/mycor.iam.inrae.fr\/ARBRE\/index.php?rest_route=%2Fwp%2Fv2%2Fmedia&parent=2029"}],"wp:term":[{"taxonomy":"category","embeddable":true,"href":"https:\/\/mycor.iam.inrae.fr\/ARBRE\/index.php?rest_route=%2Fwp%2Fv2%2Fcategories&post=2029"},{"taxonomy":"post_tag","embeddable":true,"href":"https:\/\/mycor.iam.inrae.fr\/ARBRE\/index.php?rest_route=%2Fwp%2Fv2%2Ftags&post=2029"}],"curies":[{"name":"wp","href":"https:\/\/api.w.org\/{rel}","templated":true}]}}