{"id":2219,"date":"2013-11-04T09:28:47","date_gmt":"2013-11-04T09:28:47","guid":{"rendered":"https:\/\/mycor.iam.inrae.fr\/ARBRE\/?p=2219"},"modified":"2013-11-04T14:07:41","modified_gmt":"2013-11-04T14:07:41","slug":"wade-seminaire-2","status":"publish","type":"post","link":"https:\/\/mycor.iam.inrae.fr\/ARBRE\/?p=2219","title":{"rendered":"WADE s\u00e9minaire"},"content":{"rendered":"<p><strong><a href=\"https:\/\/mycor.iam.inrae.fr\/ARBRE\/wp-content\/uploads\/2013\/11\/coupe-bois-de-robinier-copy.jpg\"><img loading=\"lazy\" decoding=\"async\" class=\"alignleft size-medium wp-image-2220\" title=\"9056-0030.JPG\" src=\"https:\/\/mycor.iam.inrae.fr\/ARBRE\/wp-content\/uploads\/2013\/11\/coupe-bois-de-robinier-copy-300x196.jpg\" alt=\"\" width=\"300\" height=\"196\" \/><\/a>S\u00e9minaire du projet Wood Acclimation to Disturbed Environments (WADE)<br \/>\n<\/strong><\/p>\n<p>31 octobre \u00e0 14h00<\/p>\n<p>Salle Tilleul &#8211; INRA centre de Nancy,\u00a0 Champenoux<\/p>\n<p>_____________________________________________<\/p>\n<p>Au programme du s\u00e9minaire, quatre pr\u00e9sentations de 20 minutes environ pour r\u00e9sumer les avancements des travaux li\u00e9s au projet:<\/p>\n<p><strong>Integrative biomechanics for tree ecology: beyond wood density and strength <\/strong>.<br \/>\n<em>par Meriem Fournier<br \/>\n<\/em><\/p>\n<p><strong>Biosynth\u00e8se des parois secondaires dans le bois de peupliers soumis \u00e0 des contraintes environnementales.<\/strong><br \/>\n<em>par Mireille Caban\u00e9<br \/>\n<\/em><\/p>\n<p><strong>Composition du bois en plantations m\u00e9lang\u00e9es d&rsquo;esp\u00e8ces fixatrices et non fixatrices d&rsquo;azote: impact de la ressource en azote.<\/strong><br \/>\n<em>par Nicoloas Brosse<br \/>\n<\/em><\/p>\n<p><strong>Le bois de branches et de noeds &#8211; R\u00e9sultats pr\u00e9liminaires sur les branches d&rsquo;\u00e9pic\u00e9a commun. Perspectives.<\/strong><br \/>\n<em>par Francis Colin<br \/>\n<\/em><\/p>\n<p>_____________________________________________<\/p>\n<p><a href=\"https:\/\/mycor.iam.inrae.fr\/ARBRE\/?page_id=343\"><strong>Le projet WADE <\/strong><\/a><br \/>\n<em>Adaptation physiologique et fonctionnelle des structures et propri\u00e9t\u00e9s du bois \u00e0 l\u2019ouverture du couvert<br \/>\n<strong><br \/>\n<\/strong><\/em><\/p>\n<p><strong>Contacts Scientifique<br \/>\n<\/strong>Jana Dlouh\u00e0, LERFORB<br \/>\nMeriem Fournier, LERFORB<\/p>\n","protected":false},"excerpt":{"rendered":"<p>S\u00e9minaire du projet Wood Acclimation to Disturbed Environments (WADE) 31 octobre \u00e0 14h00 Salle Tilleul &#8211; INRA centre de Nancy,\u00a0 Champenoux _____________________________________________ Au programme du s\u00e9minaire, quatre pr\u00e9sentations de 20 minutes environ pour r\u00e9sumer les avancements des travaux li\u00e9s au &hellip; <a href=\"https:\/\/mycor.iam.inrae.fr\/ARBRE\/?p=2219\">Continuer la lecture <span class=\"meta-nav\">&rarr;<\/span><\/a><\/p>\n","protected":false},"author":4,"featured_media":0,"comment_status":"closed","ping_status":"open","sticky":false,"template":"","format":"standard","meta":{"footnotes":""},"categories":[1],"tags":[],"class_list":["post-2219","post","type-post","status-publish","format-standard","hentry","category-divers"],"_links":{"self":[{"href":"https:\/\/mycor.iam.inrae.fr\/ARBRE\/index.php?rest_route=\/wp\/v2\/posts\/2219","targetHints":{"allow":["GET"]}}],"collection":[{"href":"https:\/\/mycor.iam.inrae.fr\/ARBRE\/index.php?rest_route=\/wp\/v2\/posts"}],"about":[{"href":"https:\/\/mycor.iam.inrae.fr\/ARBRE\/index.php?rest_route=\/wp\/v2\/types\/post"}],"author":[{"embeddable":true,"href":"https:\/\/mycor.iam.inrae.fr\/ARBRE\/index.php?rest_route=\/wp\/v2\/users\/4"}],"replies":[{"embeddable":true,"href":"https:\/\/mycor.iam.inrae.fr\/ARBRE\/index.php?rest_route=%2Fwp%2Fv2%2Fcomments&post=2219"}],"version-history":[{"count":0,"href":"https:\/\/mycor.iam.inrae.fr\/ARBRE\/index.php?rest_route=\/wp\/v2\/posts\/2219\/revisions"}],"wp:attachment":[{"href":"https:\/\/mycor.iam.inrae.fr\/ARBRE\/index.php?rest_route=%2Fwp%2Fv2%2Fmedia&parent=2219"}],"wp:term":[{"taxonomy":"category","embeddable":true,"href":"https:\/\/mycor.iam.inrae.fr\/ARBRE\/index.php?rest_route=%2Fwp%2Fv2%2Fcategories&post=2219"},{"taxonomy":"post_tag","embeddable":true,"href":"https:\/\/mycor.iam.inrae.fr\/ARBRE\/index.php?rest_route=%2Fwp%2Fv2%2Ftags&post=2219"}],"curies":[{"name":"wp","href":"https:\/\/api.w.org\/{rel}","templated":true}]}}