{"id":2259,"date":"2013-11-07T12:25:42","date_gmt":"2013-11-07T12:25:42","guid":{"rendered":"https:\/\/mycor.iam.inrae.fr\/ARBRE\/?p=2259"},"modified":"2013-11-07T13:12:59","modified_gmt":"2013-11-07T13:12:59","slug":"sebastian-duplessis-2eme-prix-du-chercheur","status":"publish","type":"post","link":"https:\/\/mycor.iam.inrae.fr\/ARBRE\/?p=2259","title":{"rendered":"S\u00e9bastien Duplessis &#8211; La recherche foresti\u00e8re lorraine prim\u00e9e"},"content":{"rendered":"<p><strong><a href=\"https:\/\/mycor.iam.inrae.fr\/ARBRE\/wp-content\/uploads\/2013\/11\/Se\u0301b-Duplessis1.jpg\"><img loading=\"lazy\" decoding=\"async\" class=\"alignleft size-medium wp-image-2260\" title=\"Se\u0301bastien Duplessis\" src=\"https:\/\/mycor.iam.inrae.fr\/ARBRE\/wp-content\/uploads\/2013\/11\/Se\u0301b-Duplessis1-300x188.jpg\" alt=\"\" width=\"300\" height=\"188\" \/><\/a>Les alliances entre arbres et champignons \u00e0 l\u2019honneur<\/strong><\/p>\n<p>2\u00e8me Prix du Chercheur 2012<\/p>\n<p>7 novembre 2013<\/p>\n<p>___________________________<\/p>\n<p>&nbsp;<\/p>\n<p>S\u00e9bastien Duplessis (unit\u00e9 IAM) re\u00e7oit aujourd&rsquo;hui le 2\u00e8me Prix r\u00e9gional du chercheur de la R\u00e9gion Lorraine pour ses recherches sur les interactions arbres-champignons.\u00a0 Jeune chercheur \u00e0 l&rsquo;INRA Nancy-Lorraine, S\u00e9bastien Duplessis est dans une p\u00e9riode faste : il a \u00e9t\u00e9 promu directeur de recherche fin 2012 et, en d\u00e9but d&rsquo;ann\u00e9e, il a re\u00e7u le Prix Suzanne Zivi de l&rsquo;Acad\u00e9mie de Stanislas.<\/p>\n<p>Ces prix sont une reconnaissance exprim\u00e9e \u00e0 toute la communaut\u00e9 scientifique foresti\u00e8re lorraine et un encouragement \u00e0 poursuivre nos efforts de recherche dans des domaines o\u00f9 nous sommes reconnus internationalement. La remise des prix r\u00e9gionaux de la th\u00e8se et du jeune chercheur est d&rsquo;ailleurs organis\u00e9e \u00e0 l&rsquo;occasion de deux journ\u00e9es consacr\u00e9es aux p\u00f4les de recherche r\u00e9gionaux. Les axes de recherche d\u00e9velopp\u00e9s par l&rsquo;INRA avec ses partenaires acad\u00e9miques figurent en bonne place dans la strat\u00e9gie r\u00e9gionale d&rsquo;enseignement sup\u00e9rieur, recherche et innovation.<\/p>\n<p><a href=\"https:\/\/mycor.iam.inrae.fr\/ARBRE\/?page_id=2251\"><em>Pour lire plus ..<\/em><\/a><\/p>\n<p><strong>Bravo S\u00e9bastien !<\/strong><\/p>\n","protected":false},"excerpt":{"rendered":"<p>Les alliances entre arbres et champignons \u00e0 l\u2019honneur 2\u00e8me Prix du Chercheur 2012 7 novembre 2013 ___________________________ &nbsp; S\u00e9bastien Duplessis (unit\u00e9 IAM) re\u00e7oit aujourd&rsquo;hui le 2\u00e8me Prix r\u00e9gional du chercheur de la R\u00e9gion Lorraine pour ses recherches sur les interactions &hellip; <a href=\"https:\/\/mycor.iam.inrae.fr\/ARBRE\/?p=2259\">Continuer la lecture <span class=\"meta-nav\">&rarr;<\/span><\/a><\/p>\n","protected":false},"author":4,"featured_media":0,"comment_status":"closed","ping_status":"open","sticky":false,"template":"","format":"standard","meta":{"footnotes":""},"categories":[1],"tags":[],"class_list":["post-2259","post","type-post","status-publish","format-standard","hentry","category-divers"],"_links":{"self":[{"href":"https:\/\/mycor.iam.inrae.fr\/ARBRE\/index.php?rest_route=\/wp\/v2\/posts\/2259","targetHints":{"allow":["GET"]}}],"collection":[{"href":"https:\/\/mycor.iam.inrae.fr\/ARBRE\/index.php?rest_route=\/wp\/v2\/posts"}],"about":[{"href":"https:\/\/mycor.iam.inrae.fr\/ARBRE\/index.php?rest_route=\/wp\/v2\/types\/post"}],"author":[{"embeddable":true,"href":"https:\/\/mycor.iam.inrae.fr\/ARBRE\/index.php?rest_route=\/wp\/v2\/users\/4"}],"replies":[{"embeddable":true,"href":"https:\/\/mycor.iam.inrae.fr\/ARBRE\/index.php?rest_route=%2Fwp%2Fv2%2Fcomments&post=2259"}],"version-history":[{"count":0,"href":"https:\/\/mycor.iam.inrae.fr\/ARBRE\/index.php?rest_route=\/wp\/v2\/posts\/2259\/revisions"}],"wp:attachment":[{"href":"https:\/\/mycor.iam.inrae.fr\/ARBRE\/index.php?rest_route=%2Fwp%2Fv2%2Fmedia&parent=2259"}],"wp:term":[{"taxonomy":"category","embeddable":true,"href":"https:\/\/mycor.iam.inrae.fr\/ARBRE\/index.php?rest_route=%2Fwp%2Fv2%2Fcategories&post=2259"},{"taxonomy":"post_tag","embeddable":true,"href":"https:\/\/mycor.iam.inrae.fr\/ARBRE\/index.php?rest_route=%2Fwp%2Fv2%2Ftags&post=2259"}],"curies":[{"name":"wp","href":"https:\/\/api.w.org\/{rel}","templated":true}]}}