{"id":2322,"date":"2013-11-13T12:28:45","date_gmt":"2013-11-13T12:28:45","guid":{"rendered":"https:\/\/mycor.iam.inrae.fr\/ARBRE\/?p=2322"},"modified":"2013-11-13T20:29:07","modified_gmt":"2013-11-13T20:29:07","slug":"4emes-jst-du-reseau-des-microscopistes","status":"publish","type":"post","link":"https:\/\/mycor.iam.inrae.fr\/ARBRE\/?p=2322","title":{"rendered":"4\u00e8mes Journ\u00e9es Scientifiques et Techniques du R\u00e9seau des Microscopistes de l&rsquo;INRA"},"content":{"rendered":"<p><strong><br \/>\n<\/strong><\/p>\n<p><a href=\"https:\/\/mycor.iam.inrae.fr\/ARBRE\/wp-content\/uploads\/2013\/11\/blue1.jpg\"><img loading=\"lazy\" decoding=\"async\" class=\"alignleft size-full wp-image-2326\" title=\"blue\" src=\"https:\/\/mycor.iam.inrae.fr\/ARBRE\/wp-content\/uploads\/2013\/11\/blue1-e1384343548419.jpg\" alt=\"\" width=\"105\" height=\"158\" \/><\/a><em>Microscopie \u00e9lectronique \u00e0 balayage et ses outils d&rsquo;analyse<\/em><\/p>\n<p>13, 14 &amp; 15 novembre 2013<\/p>\n<p>Centre INRA de Nancy-Lorraine, Campus de Champenoux<\/p>\n<p>________________________________________<\/p>\n<p>Cette ann\u00e9e, le comit\u00e9 local d&rsquo;organisation de Nancy anim\u00e9 par Didier Le Thiec vous attend au centre INRA de Nancy-Lorraine du 13 au 15 novembre pour un programme sur la microscopie \u00e9lectronique et ses m\u00e9thodes d&rsquo;analyse coupl\u00e9es. Des ateliers pratiques seront organis\u00e9s pour que chacun puisse d\u00e9couvrir ces techniques,\u00a0ou approfondir ses connaissances en la mati\u00e8re.<\/p>\n<p>Ces journ\u00e9es ont re\u00e7u l&rsquo;appui des d\u00e9partements de recherche Phase, BAP et EFPA de l&rsquo;Inra, de la CNOC, de la formation permanente nationale de l&rsquo;Inra, du Labex ARBRE, de la r\u00e9gion Lorraine ainsi que de diff\u00e9rents partenaires priv\u00e9s.<\/p>\n<p>Comme l&rsquo;ann\u00e9e derni\u00e8re, une session poster est propos\u00e9e pour tous les participants. Nous proposons aussi un concours photos.<\/p>\n<h4>Veuillez cliquer ici pour la programme d\u00e9finitif : <a href=\"https:\/\/mycor.iam.inrae.fr\/ARBRE\/wp-content\/uploads\/2013\/11\/ProgrammeJSTNANCYfin1.doc\" class=\"mtli_attachment mtli_doc\">Programme<\/a><\/h4>\n<p>&nbsp;<\/p>\n","protected":false},"excerpt":{"rendered":"<p>Microscopie \u00e9lectronique \u00e0 balayage et ses outils d&rsquo;analyse 13, 14 &amp; 15 novembre 2013 Centre INRA de Nancy-Lorraine, Campus de Champenoux ________________________________________ Cette ann\u00e9e, le comit\u00e9 local d&rsquo;organisation de Nancy anim\u00e9 par Didier Le Thiec vous attend au centre INRA &hellip; <a href=\"https:\/\/mycor.iam.inrae.fr\/ARBRE\/?p=2322\">Continuer la lecture <span class=\"meta-nav\">&rarr;<\/span><\/a><\/p>\n","protected":false},"author":4,"featured_media":0,"comment_status":"closed","ping_status":"open","sticky":false,"template":"","format":"standard","meta":{"footnotes":""},"categories":[1],"tags":[],"class_list":["post-2322","post","type-post","status-publish","format-standard","hentry","category-divers"],"_links":{"self":[{"href":"https:\/\/mycor.iam.inrae.fr\/ARBRE\/index.php?rest_route=\/wp\/v2\/posts\/2322","targetHints":{"allow":["GET"]}}],"collection":[{"href":"https:\/\/mycor.iam.inrae.fr\/ARBRE\/index.php?rest_route=\/wp\/v2\/posts"}],"about":[{"href":"https:\/\/mycor.iam.inrae.fr\/ARBRE\/index.php?rest_route=\/wp\/v2\/types\/post"}],"author":[{"embeddable":true,"href":"https:\/\/mycor.iam.inrae.fr\/ARBRE\/index.php?rest_route=\/wp\/v2\/users\/4"}],"replies":[{"embeddable":true,"href":"https:\/\/mycor.iam.inrae.fr\/ARBRE\/index.php?rest_route=%2Fwp%2Fv2%2Fcomments&post=2322"}],"version-history":[{"count":0,"href":"https:\/\/mycor.iam.inrae.fr\/ARBRE\/index.php?rest_route=\/wp\/v2\/posts\/2322\/revisions"}],"wp:attachment":[{"href":"https:\/\/mycor.iam.inrae.fr\/ARBRE\/index.php?rest_route=%2Fwp%2Fv2%2Fmedia&parent=2322"}],"wp:term":[{"taxonomy":"category","embeddable":true,"href":"https:\/\/mycor.iam.inrae.fr\/ARBRE\/index.php?rest_route=%2Fwp%2Fv2%2Fcategories&post=2322"},{"taxonomy":"post_tag","embeddable":true,"href":"https:\/\/mycor.iam.inrae.fr\/ARBRE\/index.php?rest_route=%2Fwp%2Fv2%2Ftags&post=2322"}],"curies":[{"name":"wp","href":"https:\/\/api.w.org\/{rel}","templated":true}]}}