{"id":53,"date":"2012-10-09T15:38:16","date_gmt":"2012-10-09T15:38:16","guid":{"rendered":"https:\/\/mycor.iam.inrae.fr\/ARBRE\/?p=53"},"modified":"2013-01-13T15:09:56","modified_gmt":"2013-01-13T15:09:56","slug":"reunion","status":"publish","type":"post","link":"https:\/\/mycor.iam.inrae.fr\/ARBRE\/?p=53","title":{"rendered":"R\u00e9union de lancement"},"content":{"rendered":"<p><a href=\"https:\/\/mycor.iam.inrae.fr\/ARBRE\/wp-content\/uploads\/2012\/10\/bani\u00e8re_logos_ARBRE3.jpg\"><img loading=\"lazy\" decoding=\"async\" class=\"aligncenter size-full wp-image-154\" title=\"bani\u00e8re_logos_ARBRE\" src=\"https:\/\/mycor.iam.inrae.fr\/ARBRE\/wp-content\/uploads\/2012\/10\/bani\u00e8re_logos_ARBRE3.jpg\" alt=\"\" width=\"1414\" height=\"104\" srcset=\"https:\/\/mycor.iam.inrae.fr\/ARBRE\/wp-content\/uploads\/2012\/10\/bani\u00e8re_logos_ARBRE3.jpg 1414w, https:\/\/mycor.iam.inrae.fr\/ARBRE\/wp-content\/uploads\/2012\/10\/bani\u00e8re_logos_ARBRE3-300x22.jpg 300w, https:\/\/mycor.iam.inrae.fr\/ARBRE\/wp-content\/uploads\/2012\/10\/bani\u00e8re_logos_ARBRE3-1024x75.jpg 1024w, https:\/\/mycor.iam.inrae.fr\/ARBRE\/wp-content\/uploads\/2012\/10\/bani\u00e8re_logos_ARBRE3-500x36.jpg 500w\" sizes=\"auto, (max-width: 1414px) 100vw, 1414px\" \/><\/a><\/p>\n<p><em>Salle de conf\u00e9rence du Centre INRA de Nancy \u00e0 Champenoux,<\/em><\/p>\n<p>le 16 octobre 2012<\/p>\n<div title=\"Page 1\">\n<div>\n<div>\n<div>\n<p><a href=\"https:\/\/mycor.iam.inrae.fr\/ARBRE\/wp-content\/uploads\/2012\/10\/logo_ARBRE_sans-texte2.jpg\"><img loading=\"lazy\" decoding=\"async\" class=\"alignleft  wp-image-155\" title=\"logo_ARBRE_sans texte\" src=\"https:\/\/mycor.iam.inrae.fr\/ARBRE\/wp-content\/uploads\/2012\/10\/logo_ARBRE_sans-texte2-150x150.jpg\" alt=\"\" width=\"120\" height=\"120\" \/><\/a>Environ 80 chercheurs et ing\u00e9nieurs se sont r\u00e9unis le 16 octobre sur le site INRA de Champenoux pour le coup d&rsquo;envoi du labex <strong>ARBRE<\/strong>. Toutes les unit\u00e9s et structures membres du labex \u00e9taient repr\u00e9sent\u00e9es \u00e0 cette journ\u00e9e intense en \u00e9changes.<\/p>\n<p>La r\u00e9union a d\u00e9but\u00e9 \u00e0 8h30 par les discours d&rsquo;introduction du pr\u00e9sident-directeur-g\u00e9n\u00e9ral de l&rsquo;INRA, Fran\u00e7ois Houllier, et du pr\u00e9sident de l\u2019Universit\u00e9 de Lorraine, Pierre Mutzenhardt. Ils ont insist\u00e9 sur le caract\u00e8re original et moteur de ce projet, le seul parmi les labex \u00e0 traiter exclusivement de la for\u00eat, dans l&rsquo;une des r\u00e9gions les plus foresti\u00e8res de France. Le r\u00f4le f\u00e9d\u00e9rateur de ce projet a \u00e9galement \u00e9t\u00e9 soulign\u00e9, puisque <strong>ARBRE<\/strong> r\u00e9unit l&rsquo;ensemble des \u00e9quipes de recherche et des structures de R&amp;D sur la for\u00eat pr\u00e9sentes en Lorraine.<\/p>\n<p>En d\u00e9but d&rsquo;apr\u00e8s-midi, le d\u00e9l\u00e9gu\u00e9 r\u00e9gional \u00e0 la recherche et \u00e0 la technologie, Jean-Pierre Thomesse, est intervenu pour rappeler les enjeux des projets financ\u00e9s dans le cadre des Investissements d&rsquo;avenir (dont les labex font partie). Il a soulign\u00e9 l&rsquo;attente sociale, tr\u00e8s forte vis-\u00e0-vis de ces projets porteurs d&rsquo;innovation et de croissance.<\/p>\n<p>La journ\u00e9e a \u00e9t\u00e9 tr\u00e8s dense, avec la pr\u00e9sentation de tous les projets retenus lors du premier appel d&rsquo;offres internes du labex. Ils se divisent entre 3 projets-phares financ\u00e9s pour 3 ans, 6 projets innovants de 1 an et 2 projets de valorisation. Tous ces projets d\u00e9buteront en janvier 2013. Les projets retenus en 2012 couvrent l&rsquo;ensemble des domaines de recherche du labex ARBRE et ils b\u00e9n\u00e9ficieront d&rsquo;un budget de 750 000 euros.<\/p>\n<p>A la suite de cette journ\u00e9e de lancement, le conseil scientifique du labex s&rsquo;est r\u00e9uni le 17 octobre au matin pour travailler sur la programmation 2013. Parmi les dossiers \u00e0 d\u00e9velopper figurent, par exemple, la formation, la valorisation et la culture scientifique et technique (en lien avec les projets d&rsquo;investissements d&rsquo;avenir sur la CST impliquant la r\u00e9gion Lorraine, comme CERCo, les Maisons r\u00e9gionales pour la science ou ESTIM). Il est d&rsquo;ores et d\u00e9j\u00e0 pr\u00e9vu que le prochain appel d&rsquo;offres interne du labex sera lanc\u00e9 fin 2013.<\/p>\n<\/div>\n<\/div>\n<\/div>\n<\/div>\n","protected":false},"excerpt":{"rendered":"<p>Salle de conf\u00e9rence du Centre INRA de Nancy \u00e0 Champenoux, le 16 octobre 2012 Environ 80 chercheurs et ing\u00e9nieurs se sont r\u00e9unis le 16 octobre sur le site INRA de Champenoux pour le coup d&rsquo;envoi du labex ARBRE. Toutes les &hellip; <a href=\"https:\/\/mycor.iam.inrae.fr\/ARBRE\/?p=53\">Continuer la lecture <span class=\"meta-nav\">&rarr;<\/span><\/a><\/p>\n","protected":false},"author":1,"featured_media":0,"comment_status":"closed","ping_status":"open","sticky":false,"template":"","format":"standard","meta":{"footnotes":""},"categories":[6],"tags":[9,11,10],"class_list":["post-53","post","type-post","status-publish","format-standard","hentry","category-reunions","tag-anr","tag-lancement","tag-reunion"],"_links":{"self":[{"href":"https:\/\/mycor.iam.inrae.fr\/ARBRE\/index.php?rest_route=\/wp\/v2\/posts\/53","targetHints":{"allow":["GET"]}}],"collection":[{"href":"https:\/\/mycor.iam.inrae.fr\/ARBRE\/index.php?rest_route=\/wp\/v2\/posts"}],"about":[{"href":"https:\/\/mycor.iam.inrae.fr\/ARBRE\/index.php?rest_route=\/wp\/v2\/types\/post"}],"author":[{"embeddable":true,"href":"https:\/\/mycor.iam.inrae.fr\/ARBRE\/index.php?rest_route=\/wp\/v2\/users\/1"}],"replies":[{"embeddable":true,"href":"https:\/\/mycor.iam.inrae.fr\/ARBRE\/index.php?rest_route=%2Fwp%2Fv2%2Fcomments&post=53"}],"version-history":[{"count":0,"href":"https:\/\/mycor.iam.inrae.fr\/ARBRE\/index.php?rest_route=\/wp\/v2\/posts\/53\/revisions"}],"wp:attachment":[{"href":"https:\/\/mycor.iam.inrae.fr\/ARBRE\/index.php?rest_route=%2Fwp%2Fv2%2Fmedia&parent=53"}],"wp:term":[{"taxonomy":"category","embeddable":true,"href":"https:\/\/mycor.iam.inrae.fr\/ARBRE\/index.php?rest_route=%2Fwp%2Fv2%2Fcategories&post=53"},{"taxonomy":"post_tag","embeddable":true,"href":"https:\/\/mycor.iam.inrae.fr\/ARBRE\/index.php?rest_route=%2Fwp%2Fv2%2Ftags&post=53"}],"curies":[{"name":"wp","href":"https:\/\/api.w.org\/{rel}","templated":true}]}}