{"id":611,"date":"2013-05-17T09:06:53","date_gmt":"2013-05-17T09:06:53","guid":{"rendered":"https:\/\/mycor.iam.inrae.fr\/ARBRE\/?p=611"},"modified":"2013-08-02T11:48:58","modified_gmt":"2013-08-02T11:48:58","slug":"journees-docspostdocs-labex","status":"publish","type":"post","link":"https:\/\/mycor.iam.inrae.fr\/ARBRE\/?p=611","title":{"rendered":"Journ\u00e9es Docs\/Postdocs LabeX"},"content":{"rendered":"<h1 style=\"text-align: center;\">Salle de conf\u00e9rence (INRA-Champenoux)<\/h1>\n<h1 style=\"text-align: center;\"><strong>27 MAI 2013<\/strong><\/h1>\n<p>9h00\u00a0\u2013 9h30: Introduction<\/p>\n<p>9h30\u00a0\u2013 11h15\u00a0: BIODIVERSIT\u00c9 ET DISTRIBUTION DES ESP\u00c8CES<\/p>\n<p><strong>09h30 \u2013 09h 45\u00a0: Caroline Rolland <\/strong>(EEF) \u00ab\u00a0Effets des pratiques agricoles et des infrastructures agro-\u00e9cologiques sur la diversit\u00e9 des Chiropt\u00e8res\u00a0\u00bb<\/p>\n<p><strong>09h45 \u2013 10h00 : Lucy Mayer <\/strong>(EEF)<strong> <\/strong>\u00ab\u00a0Importance de la variabilit\u00e9 des traits fonctionnels dans la compr\u00e9hension de la structuration des communaut\u00e9s v\u00e9g\u00e9tales de bandes enherb\u00e9es\u00bb<\/p>\n<p><strong>10h00 \u2013 10h30\u00a0: Pause caf\u00e9<\/strong><\/p>\n<p><strong>10h30- 11h00 : Charlotte Grossiord <\/strong>(EEF) \u00ab\u00a0Influence des conditions environnementales sur la relation Biodiversit\u00e9 &#8211; Fonctionnement des \u00e9cosyst\u00e8mes en for\u00eat bor\u00e9ale\u00bb<strong><\/strong><\/p>\n<p><strong>11h00- 11h15\u00a0: Lucie Arnaudet <\/strong>(EEF) \u00ab\u00a0C\u0153ur et p\u00e9riph\u00e9rie des massifs forestiers : une question d\u2019\u00e9cologie du paysage ou d\u2019\u00e9cologie historique ?\u00a0\u00bb<\/p>\n<p><strong>\u00a0<\/strong>11h15\u00a0\u2013 11h45\u00a0: PHYSIQUE DES SOLS<\/p>\n<p><strong>11h15 \u2013 11h45 : Martin Maier <\/strong>(EEF) \u00abDiffusion as exclusive gas transport process in the soil?\u00a0\u00bb<\/p>\n<p>11h45\u00a0\u2013 13h30: pause repas<\/p>\n<p>13h30\u00a0\u2013 14h30: r\u00e9ponses aux contraintes<\/p>\n<p><strong>13h30-13h45 : Rosmery Robles Leon <\/strong>(EEF) \u00ab\u00a0Effet de la fertilisation du sol sur la r\u00e9silience des arbres \u00e0 la s\u00e9cheresse\u00a0\u00bb<\/p>\n<p><strong>13h45-14h15 : Fran\u00e7ois Bizet <\/strong>(EEF)<strong><\/strong><\/p>\n<p><strong>14h15-14h30\u00a0: Daphn\u00e9 Asse<\/strong><strong> <\/strong>(EEF) \u00ab\u00a0Etude dendroclimatique du h\u00eatre (<em>Fagus sylvatica<\/em> L.) sur les plateaux calcaires de Bourgogne\u00a0: analyse des incertitudes g\u00e9n\u00e9r\u00e9es par les mod\u00e8les climatiques \u00e0 maille fine.\u00a0\u00bb<strong><\/strong><\/p>\n<h4 align=\"left\"><strong>\u00a0<\/strong>14h30\u00a0\u2013 16h00: dynamiques des r\u00e9serves<\/h4>\n<p><strong>14h30 \u2013 15h00 : Morgane Pluchon <\/strong>(EEF) \u00ab Nitrogen dynamics in Eucalyptus, grown in monoculture and in association with <em>Acacia<\/em> as nitrogen fixing species (NFS) \u00bb<strong><\/strong><\/p>\n<p><strong>15h00 \u2013 15h15 : Mahsa Farjad <\/strong>(EEF) \u00ab\u00a0Impact du m\u00e9lange robinier\/peuplier sur l\u2019assimilation et l\u2019allocation d\u2019azote de peupliers cultiv\u00e9s en plantation \u00e0 courte rotation\u00a0\u00bb<strong><\/strong><\/p>\n<p><strong>15h15-15h30 : Mohamed Hamdani<\/strong> (EEF) \u00ab\u00a0Effet de l\u2019introduction d\u2019une esp\u00e8ce fixatrice d\u2019azote (robinier) dans une plantation exp\u00e9rimentale de peupliers (taillis \u00e0 courte rotation) sur les capacit\u00e9s de mise en r\u00e9serve du carbone et de l\u2019azote dans les organes p\u00e9rennes de peupliers.\u00a0\u00bb<\/p>\n<p><strong>15h30-16h00: C\u00e9cilia Gana <\/strong>(EEF) \u00ab\u00a0Impact d\u2019un m\u00e9lange d\u2019esp\u00e8ces fixatrice\/non fixatrice d\u2019azote (<em>Robinia pseudoacaci<\/em>a\/<em>Populus<\/em> x <em>euramericana<\/em>) sur l\u2019allocation et la dynamique du carbone d\u2019une plantation \u00e0 courte rotation\u00bb<strong><\/strong><\/p>\n<p>16h00\u00a0\u2013 16h15: Conclusion et discussions<\/p>\n<p style=\"text-align: center;\">\u00a0<strong>28 MAI 2013<\/strong><\/p>\n<p style=\"text-align: left;\"><strong><\/strong>9h00\u00a0\u2013 9h15: Introduction<\/p>\n<h4 align=\"left\">9h30\u00a0\u2013 10H30\u00a0: INTERACTIONS PLANTES MICRO-ORGANISMES ET ECOLOGIE MICROBIENNE<\/h4>\n<p><strong>9h00 &#8211; 9h20 : Cl\u00e9ment Pellegrin\u00a0<\/strong>(IAM) \u00ab\u00a0Functional analysis of putative symbiosis effectors of the ectomycorrhizal symbiont <em>Laccaria bicolor<\/em>\u00a0\u00bb<\/p>\n<p><strong>9h20 &#8211; 9h45 : St\u00e9phane Hacquard\u00a0<\/strong>(IAM) \u00ab\u00a0The hunt for effectors in the secretome of <em>Melampsora larici-populina<\/em>\u00a0\u00bb<\/p>\n<p><strong>9h45 &#8211; 10h10 : Laura Kelly<\/strong>\u00a0(IAM) \u00a0\u00ab\u00a0Bacterial contributions to soil mineral weathering processes in a forest ecosystem\u00a0\u00bb<\/p>\n<p><strong>10h10 &#8211; 10h30 : Justine Mauer-Halet\u00a0<\/strong>(IAM) <strong>\u00a0\u00ab\u00a0<\/strong>Interactions entre deux bact\u00e9ries du sol, <em>Streptomyces ambofaciens<\/em> &#8211; <em>Pseudomonas fluorescens\u00a0\u00bb<\/em><\/p>\n<p><strong>10h30 \u2013 11h00 \u00a0\u00a0 \u00a0Pause<\/strong><\/p>\n<h4 align=\"left\">11h00\u00a0\u2013 12h05: SESSION CHAMPIGNONS<\/h4>\n<p><strong>11h00 &#8211; 11h20 : Aur\u00e9lie Deroy\u00a0<\/strong>(IAM) \u00a0\u00ab\u00a0Evolution et adaptation du syst\u00e8me de d\u00e9toxication chez <em>Trametes versicolor<\/em>, un champignon d\u00e9grandant le bois.\u00bb<\/p>\n<p><strong>11h20 \u2013 11h40 : Thibaut Payen<\/strong> (IAM) \u00ab\u00a0Large scale identification and mapping of single nucleotide polymorphisms in black truffle (<em>Tuber melanosporum<\/em>) by genome resequencing\u00bb<\/p>\n<p><strong>11h40 &#8211; 12h05 : Sebastian Wittulsky <\/strong>(IAM) \u00a0\u00a0\u00ab\u00a0Manipulation of trehalose biosynthesis in <em>Laccaria bicolor<\/em>\u00a0\u00bb<\/p>\n<h4 align=\"left\">12h05\u00a0\u2013 13h35: PAUSE REPAS<\/h4>\n<h4 align=\"left\"><\/h4>\n<h4 align=\"left\">13h35\u00a0\u2013 14h25: SESSION CHAMPIGNONS (SUITE)<\/h4>\n<p><strong>13h35 &#8211; 14h00 : Bal\u00e1zs Vajna\u00a0<\/strong>(E\u00f6tv\u00f6s Lor\u00e1nd University, Budapest, Hongrie)\u00ab\u00a0Lignocellulose degrading activity of oyster mushroom during substrate colonization and the potential role of bacteria during this process\u00a0\u00bb<\/p>\n<p><strong>14h00 &#8211; 14h20 : Alice Vayssi\u00e8res<\/strong> \u00a0(IAM) \u00ab\u00a0Reprogramming of root development by the ectomycorrhizal fungus <em>Laccaria bicolor<\/em>: Involvement of auxin pathways\u00a0\u00bb<\/p>\n<h4 align=\"left\">\u00a014h20\u00a0\u2013 15h00: SESSION BOIS<\/h4>\n<p><strong>14h20 \u2013 14h40 : Kevin Candelier\u00a0(LERMAB)\u00a0<\/strong>: \u00ab\u00a0Influence of inert atmosphere used (nitrogen and vacuum) during heat treatment of wood on its final physical and chemical properties\u00a0\u00bb<\/p>\n<p><strong>14h40 \u2013 15h00 : Jean Bosco Saha Tchinda\u00a0(LERMAB) :<\/strong> \u00ab\u00a0Activit\u00e9s antioxidantes, ph\u00e9nols totaux et composition chimique des extraits de quatre essences camerounaises: Moabi, Movingui, Padouk et Tali\u00a0\u00bb<\/p>\n<p><strong>15h00 \u2013 15h05\u00a0\u00a0 Zineb Kebbi-Benkeder (Poster) (LERMAB)\u00a0<\/strong>: \u00ab\u00a0Secondary metabolites in the knots of different tree species\u00a0\u00bb<\/p>\n<p>&nbsp;<\/p>\n<p><strong>15h05 \u2013 15h35\u00a0\u00a0 \u00a0Pause<\/strong><\/p>\n<p><strong><\/strong>15h35\u00a0\u2013 16h35: SESSION R\u00c9PONSE AUX STRESS<\/p>\n<p><strong>15h35 \u2013 16h00 : Rita Teixeira\u00a0<\/strong>:\u00a0 \u00ab\u00a0Analysis of key transcription factors responsible for root meristem maintenance under biotic and abiotic stress\u00a0\u00bb<\/p>\n<p><strong>16h00 \u2013 16h20 :\u00a0<\/strong><strong>Henri P\u00e9geot\u00a0:<\/strong> \u00ab\u00a0Etude structure-fonction des glutathion transf\u00e9rases de la classe Phi chez l\u2019arbre mod\u00e8le <em>Populus trichocarpa<\/em>\u00a0\u00bb<\/p>\n<p><strong>16h20 \u2013 16h40 : Anne Thuillier\u00a0<\/strong>: \u00ab\u00a0Caract\u00e9risation fonctionnelle d\u2019une famille de glutathion transf\u00e9rases, enzymes de d\u00e9toxication d\u2019un champignon ligninolytique\u00a0\u00bb<\/p>\n<h4 align=\"left\">16h40\u00a0\u2013 17H00 : Conclusions et discussions<\/h4>\n<p>&nbsp;<\/p>\n<p>&nbsp;<\/p>\n<p>&nbsp;<\/p>\n<p>&nbsp;<\/p>\n","protected":false},"excerpt":{"rendered":"<p>Salle de conf\u00e9rence (INRA-Champenoux) 27 MAI 2013 9h00\u00a0\u2013 9h30: Introduction 9h30\u00a0\u2013 11h15\u00a0: BIODIVERSIT\u00c9 ET DISTRIBUTION DES ESP\u00c8CES 09h30 \u2013 09h 45\u00a0: Caroline Rolland (EEF) \u00ab\u00a0Effets des pratiques agricoles et des infrastructures agro-\u00e9cologiques sur la diversit\u00e9 des Chiropt\u00e8res\u00a0\u00bb 09h45 \u2013 10h00 &hellip; <a href=\"https:\/\/mycor.iam.inrae.fr\/ARBRE\/?p=611\">Continuer la lecture <span class=\"meta-nav\">&rarr;<\/span><\/a><\/p>\n","protected":false},"author":2,"featured_media":0,"comment_status":"closed","ping_status":"open","sticky":false,"template":"","format":"standard","meta":{"footnotes":""},"categories":[32],"tags":[],"class_list":["post-611","post","type-post","status-publish","format-standard","hentry","category-seminaires"],"_links":{"self":[{"href":"https:\/\/mycor.iam.inrae.fr\/ARBRE\/index.php?rest_route=\/wp\/v2\/posts\/611","targetHints":{"allow":["GET"]}}],"collection":[{"href":"https:\/\/mycor.iam.inrae.fr\/ARBRE\/index.php?rest_route=\/wp\/v2\/posts"}],"about":[{"href":"https:\/\/mycor.iam.inrae.fr\/ARBRE\/index.php?rest_route=\/wp\/v2\/types\/post"}],"author":[{"embeddable":true,"href":"https:\/\/mycor.iam.inrae.fr\/ARBRE\/index.php?rest_route=\/wp\/v2\/users\/2"}],"replies":[{"embeddable":true,"href":"https:\/\/mycor.iam.inrae.fr\/ARBRE\/index.php?rest_route=%2Fwp%2Fv2%2Fcomments&post=611"}],"version-history":[{"count":0,"href":"https:\/\/mycor.iam.inrae.fr\/ARBRE\/index.php?rest_route=\/wp\/v2\/posts\/611\/revisions"}],"wp:attachment":[{"href":"https:\/\/mycor.iam.inrae.fr\/ARBRE\/index.php?rest_route=%2Fwp%2Fv2%2Fmedia&parent=611"}],"wp:term":[{"taxonomy":"category","embeddable":true,"href":"https:\/\/mycor.iam.inrae.fr\/ARBRE\/index.php?rest_route=%2Fwp%2Fv2%2Fcategories&post=611"},{"taxonomy":"post_tag","embeddable":true,"href":"https:\/\/mycor.iam.inrae.fr\/ARBRE\/index.php?rest_route=%2Fwp%2Fv2%2Ftags&post=611"}],"curies":[{"name":"wp","href":"https:\/\/api.w.org\/{rel}","templated":true}]}}