{"id":6973,"date":"2015-04-21T14:34:54","date_gmt":"2015-04-21T14:34:54","guid":{"rendered":"https:\/\/mycor.iam.inrae.fr\/ARBRE\/?p=6973"},"modified":"2015-04-21T14:34:54","modified_gmt":"2015-04-21T14:34:54","slug":"50-ans-de-recherche-forestiere-en-lorraine","status":"publish","type":"post","link":"https:\/\/mycor.iam.inrae.fr\/ARBRE\/?p=6973","title":{"rendered":"50 ans de recherche foresti\u00e8re en Lorraine"},"content":{"rendered":"<p>Un\u00a0reportage sur le cinquantenaire de la recherche foresti\u00e8re a \u00e9t\u00e9 mis en ligne sur le site <a href=\"http:\/\/eureka.lorraine.eu\/jahia\/Jahia\/fr\/50ansRechercheForestiere\" target=\"_blank\">Eureka Lorraine<\/a>.<\/p>\n<p><a href=\"https:\/\/mycor.iam.inrae.fr\/ARBRE\/wp-content\/uploads\/2015\/04\/Exe-Eureka-Dossier-INRA-Chrono-01.gif\"><img loading=\"lazy\" decoding=\"async\" class=\"alignnone size-large wp-image-6974\" src=\"https:\/\/mycor.iam.inrae.fr\/ARBRE\/wp-content\/uploads\/2015\/04\/Exe-Eureka-Dossier-INRA-Chrono-01-247x1024.gif\" alt=\"Exe-Eureka-Dossier-INRA-Chrono-01\" width=\"247\" height=\"1024\" srcset=\"https:\/\/mycor.iam.inrae.fr\/ARBRE\/wp-content\/uploads\/2015\/04\/Exe-Eureka-Dossier-INRA-Chrono-01-247x1024.gif 247w, https:\/\/mycor.iam.inrae.fr\/ARBRE\/wp-content\/uploads\/2015\/04\/Exe-Eureka-Dossier-INRA-Chrono-01-145x600.gif 145w\" sizes=\"auto, (max-width: 247px) 100vw, 247px\" \/><\/a><\/p>\n","protected":false},"excerpt":{"rendered":"<p>Un\u00a0reportage sur le cinquantenaire de la recherche foresti\u00e8re a \u00e9t\u00e9 mis en ligne sur le site Eureka Lorraine.<\/p>\n","protected":false},"author":2,"featured_media":0,"comment_status":"closed","ping_status":"closed","sticky":false,"template":"","format":"standard","meta":{"footnotes":""},"categories":[1],"tags":[],"class_list":["post-6973","post","type-post","status-publish","format-standard","hentry","category-divers"],"_links":{"self":[{"href":"https:\/\/mycor.iam.inrae.fr\/ARBRE\/index.php?rest_route=\/wp\/v2\/posts\/6973","targetHints":{"allow":["GET"]}}],"collection":[{"href":"https:\/\/mycor.iam.inrae.fr\/ARBRE\/index.php?rest_route=\/wp\/v2\/posts"}],"about":[{"href":"https:\/\/mycor.iam.inrae.fr\/ARBRE\/index.php?rest_route=\/wp\/v2\/types\/post"}],"author":[{"embeddable":true,"href":"https:\/\/mycor.iam.inrae.fr\/ARBRE\/index.php?rest_route=\/wp\/v2\/users\/2"}],"replies":[{"embeddable":true,"href":"https:\/\/mycor.iam.inrae.fr\/ARBRE\/index.php?rest_route=%2Fwp%2Fv2%2Fcomments&post=6973"}],"version-history":[{"count":0,"href":"https:\/\/mycor.iam.inrae.fr\/ARBRE\/index.php?rest_route=\/wp\/v2\/posts\/6973\/revisions"}],"wp:attachment":[{"href":"https:\/\/mycor.iam.inrae.fr\/ARBRE\/index.php?rest_route=%2Fwp%2Fv2%2Fmedia&parent=6973"}],"wp:term":[{"taxonomy":"category","embeddable":true,"href":"https:\/\/mycor.iam.inrae.fr\/ARBRE\/index.php?rest_route=%2Fwp%2Fv2%2Fcategories&post=6973"},{"taxonomy":"post_tag","embeddable":true,"href":"https:\/\/mycor.iam.inrae.fr\/ARBRE\/index.php?rest_route=%2Fwp%2Fv2%2Ftags&post=6973"}],"curies":[{"name":"wp","href":"https:\/\/api.w.org\/{rel}","templated":true}]}}