{"id":6987,"date":"2015-04-27T12:42:20","date_gmt":"2015-04-27T12:42:20","guid":{"rendered":"https:\/\/mycor.iam.inrae.fr\/ARBRE\/?p=6987"},"modified":"2015-04-27T12:43:15","modified_gmt":"2015-04-27T12:43:15","slug":"le-genome-du-chene-pedoncule-quercus-robur","status":"publish","type":"post","link":"https:\/\/mycor.iam.inrae.fr\/ARBRE\/?p=6987","title":{"rendered":"Le g\u00e9nome du Ch\u00eane p\u00e9doncul\u00e9 (Quercus robur)"},"content":{"rendered":"<p>Le site web\u00a0<b>oakgenome<\/b>\u00a0est dor\u00e9navant accessible au public :\u00a0<a class=\"moz-txt-link-freetext\" href=\"http:\/\/www.oakgenome.fr\/\">http:\/\/www.oakgenome.fr\/<\/a><\/p>\n<p><a href=\"https:\/\/mycor.iam.inrae.fr\/ARBRE\/wp-content\/uploads\/2015\/04\/06.jpg\"><img loading=\"lazy\" decoding=\"async\" class=\"alignnone size-large wp-image-6988\" src=\"https:\/\/mycor.iam.inrae.fr\/ARBRE\/wp-content\/uploads\/2015\/04\/06-1024x211.jpg\" alt=\"06\" width=\"584\" height=\"120\" srcset=\"https:\/\/mycor.iam.inrae.fr\/ARBRE\/wp-content\/uploads\/2015\/04\/06-1024x211.jpg 1024w, https:\/\/mycor.iam.inrae.fr\/ARBRE\/wp-content\/uploads\/2015\/04\/06-300x62.jpg 300w, https:\/\/mycor.iam.inrae.fr\/ARBRE\/wp-content\/uploads\/2015\/04\/06-800x165.jpg 800w, https:\/\/mycor.iam.inrae.fr\/ARBRE\/wp-content\/uploads\/2015\/04\/06-500x103.jpg 500w, https:\/\/mycor.iam.inrae.fr\/ARBRE\/wp-content\/uploads\/2015\/04\/06.jpg 1201w\" sizes=\"auto, (max-width: 584px) 100vw, 584px\" \/><\/a><\/p>\n","protected":false},"excerpt":{"rendered":"<p>Le site web\u00a0oakgenome\u00a0est dor\u00e9navant accessible au public :\u00a0http:\/\/www.oakgenome.fr\/<\/p>\n","protected":false},"author":2,"featured_media":0,"comment_status":"closed","ping_status":"closed","sticky":false,"template":"","format":"standard","meta":{"footnotes":""},"categories":[4],"tags":[],"class_list":["post-6987","post","type-post","status-publish","format-standard","hentry","category-evenements"],"_links":{"self":[{"href":"https:\/\/mycor.iam.inrae.fr\/ARBRE\/index.php?rest_route=\/wp\/v2\/posts\/6987","targetHints":{"allow":["GET"]}}],"collection":[{"href":"https:\/\/mycor.iam.inrae.fr\/ARBRE\/index.php?rest_route=\/wp\/v2\/posts"}],"about":[{"href":"https:\/\/mycor.iam.inrae.fr\/ARBRE\/index.php?rest_route=\/wp\/v2\/types\/post"}],"author":[{"embeddable":true,"href":"https:\/\/mycor.iam.inrae.fr\/ARBRE\/index.php?rest_route=\/wp\/v2\/users\/2"}],"replies":[{"embeddable":true,"href":"https:\/\/mycor.iam.inrae.fr\/ARBRE\/index.php?rest_route=%2Fwp%2Fv2%2Fcomments&post=6987"}],"version-history":[{"count":0,"href":"https:\/\/mycor.iam.inrae.fr\/ARBRE\/index.php?rest_route=\/wp\/v2\/posts\/6987\/revisions"}],"wp:attachment":[{"href":"https:\/\/mycor.iam.inrae.fr\/ARBRE\/index.php?rest_route=%2Fwp%2Fv2%2Fmedia&parent=6987"}],"wp:term":[{"taxonomy":"category","embeddable":true,"href":"https:\/\/mycor.iam.inrae.fr\/ARBRE\/index.php?rest_route=%2Fwp%2Fv2%2Fcategories&post=6987"},{"taxonomy":"post_tag","embeddable":true,"href":"https:\/\/mycor.iam.inrae.fr\/ARBRE\/index.php?rest_route=%2Fwp%2Fv2%2Ftags&post=6987"}],"curies":[{"name":"wp","href":"https:\/\/api.w.org\/{rel}","templated":true}]}}