{"id":7027,"date":"2015-05-04T09:19:50","date_gmt":"2015-05-04T09:19:50","guid":{"rendered":"https:\/\/mycor.iam.inrae.fr\/ARBRE\/?p=7027"},"modified":"2015-05-05T13:37:59","modified_gmt":"2015-05-05T13:37:59","slug":"seminaire-egalite-femmeshommes-en-recherche","status":"publish","type":"post","link":"https:\/\/mycor.iam.inrae.fr\/ARBRE\/?p=7027","title":{"rendered":"S\u00e9minaire \u2014 \u00c9galit\u00e9 Femmes\/Hommes en Recherche"},"content":{"rendered":"<p><a href=\"https:\/\/mycor.iam.inrae.fr\/ARBRE\/wp-content\/uploads\/2015\/05\/NEW-group-logos3.png\"><img loading=\"lazy\" decoding=\"async\" class=\"  wp-image-7032 alignleft\" src=\"https:\/\/mycor.iam.inrae.fr\/ARBRE\/wp-content\/uploads\/2015\/05\/NEW-group-logos3.png\" alt=\"NEW group logos\" width=\"393\" height=\"246\" \/><\/a><\/p>\n<p><strong>le Jeudi 7 mai 2015<\/strong><br \/>\n<strong> Facult\u00e9 des Sciences et Technologies<\/strong><\/p>\n<p><em>Amphi 8<strong><br \/>\n<\/strong>8h30 -16h00<\/em><\/p>\n<p>&nbsp;<\/p>\n<p>&nbsp;<\/p>\n<p>Dans le cadre des actions men\u00e9es \u00e0 l&rsquo;Universit\u00e9 sur le th\u00e8me de \u00ab\u00a0l\u2019\u00c9galit\u00e9 Femmes \/Hommes\u00a0\u00bb le P\u00f4le Scientifique A2F \/ SF EFABA et le LabEx Arbre organisent une journ\u00e9e intitul\u00e9e: <strong>\u00ab\u00a0\u00catre femme et faire carri\u00e8re dans la Recherche : Diversit\u00e9 des fonctions et richesse des m\u00e9tiers\u00a0\u00bb<\/strong><\/p>\n<p>En introduction, un \u00e9tat des lieux g\u00e9n\u00e9ral\u00a0 sera dress\u00e9 par les Responsables RH de l&rsquo;Universit\u00e9 de Lorraine et de l&rsquo;INRA.<\/p>\n<p>La journ\u00e9e s&rsquo;organisera autour d&rsquo;expos\u00e9s et d&rsquo;une table ronde.<\/p>\n<p>Veuillez suivre ce lien pour t\u00e9l\u00e9charger le programme : <span style=\"color: #0000ff;\"><strong><a style=\"color: #0000ff;\" href=\"https:\/\/mycor.iam.inrae.fr\/ARBRE\/wp-content\/uploads\/2015\/05\/programme-journe\u0301e-Journee-de-la-femme-7-mai-2015.pdf\" class=\"mtli_attachment mtli_pdf\">Programme <\/a><\/strong><\/span><\/p>\n","protected":false},"excerpt":{"rendered":"<p>le Jeudi 7 mai 2015 Facult\u00e9 des Sciences et Technologies Amphi 8 8h30 -16h00 &nbsp; &nbsp; Dans le cadre des actions men\u00e9es \u00e0 l&rsquo;Universit\u00e9 sur le th\u00e8me de \u00ab\u00a0l\u2019\u00c9galit\u00e9 Femmes \/Hommes\u00a0\u00bb le P\u00f4le Scientifique A2F \/ SF EFABA et le &hellip; <a href=\"https:\/\/mycor.iam.inrae.fr\/ARBRE\/?p=7027\">Continuer la lecture <span class=\"meta-nav\">&rarr;<\/span><\/a><\/p>\n","protected":false},"author":4,"featured_media":0,"comment_status":"closed","ping_status":"closed","sticky":false,"template":"","format":"standard","meta":{"footnotes":""},"categories":[1],"tags":[],"class_list":["post-7027","post","type-post","status-publish","format-standard","hentry","category-divers"],"_links":{"self":[{"href":"https:\/\/mycor.iam.inrae.fr\/ARBRE\/index.php?rest_route=\/wp\/v2\/posts\/7027","targetHints":{"allow":["GET"]}}],"collection":[{"href":"https:\/\/mycor.iam.inrae.fr\/ARBRE\/index.php?rest_route=\/wp\/v2\/posts"}],"about":[{"href":"https:\/\/mycor.iam.inrae.fr\/ARBRE\/index.php?rest_route=\/wp\/v2\/types\/post"}],"author":[{"embeddable":true,"href":"https:\/\/mycor.iam.inrae.fr\/ARBRE\/index.php?rest_route=\/wp\/v2\/users\/4"}],"replies":[{"embeddable":true,"href":"https:\/\/mycor.iam.inrae.fr\/ARBRE\/index.php?rest_route=%2Fwp%2Fv2%2Fcomments&post=7027"}],"version-history":[{"count":0,"href":"https:\/\/mycor.iam.inrae.fr\/ARBRE\/index.php?rest_route=\/wp\/v2\/posts\/7027\/revisions"}],"wp:attachment":[{"href":"https:\/\/mycor.iam.inrae.fr\/ARBRE\/index.php?rest_route=%2Fwp%2Fv2%2Fmedia&parent=7027"}],"wp:term":[{"taxonomy":"category","embeddable":true,"href":"https:\/\/mycor.iam.inrae.fr\/ARBRE\/index.php?rest_route=%2Fwp%2Fv2%2Fcategories&post=7027"},{"taxonomy":"post_tag","embeddable":true,"href":"https:\/\/mycor.iam.inrae.fr\/ARBRE\/index.php?rest_route=%2Fwp%2Fv2%2Ftags&post=7027"}],"curies":[{"name":"wp","href":"https:\/\/api.w.org\/{rel}","templated":true}]}}