{"id":84,"date":"2012-12-14T08:52:54","date_gmt":"2012-12-14T08:52:54","guid":{"rendered":"https:\/\/mycor.iam.inrae.fr\/ARBRE\/?p=84"},"modified":"2013-01-13T15:13:21","modified_gmt":"2013-01-13T15:13:21","slug":"appel-a-projets-2012","status":"publish","type":"post","link":"https:\/\/mycor.iam.inrae.fr\/ARBRE\/?p=84","title":{"rendered":"Appel \u00e0 projets 2012"},"content":{"rendered":"<p>Date limite de d\u00e9p\u00f4t des dossiers: 26 septembre 2012<\/p>\n<p><a href=\"https:\/\/mycor.iam.inrae.fr\/ARBRE\/wp-content\/uploads\/2012\/12\/bani\u00e8re_logos_ARBRE2.jpg\"><img loading=\"lazy\" decoding=\"async\" class=\"aligncenter size-full wp-image-151\" title=\"bani\u00e8re_logos_ARBRE\" src=\"https:\/\/mycor.iam.inrae.fr\/ARBRE\/wp-content\/uploads\/2012\/12\/bani\u00e8re_logos_ARBRE2.jpg\" alt=\"\" width=\"1414\" height=\"104\" srcset=\"https:\/\/mycor.iam.inrae.fr\/ARBRE\/wp-content\/uploads\/2012\/12\/bani\u00e8re_logos_ARBRE2.jpg 1414w, https:\/\/mycor.iam.inrae.fr\/ARBRE\/wp-content\/uploads\/2012\/12\/bani\u00e8re_logos_ARBRE2-300x22.jpg 300w, https:\/\/mycor.iam.inrae.fr\/ARBRE\/wp-content\/uploads\/2012\/12\/bani\u00e8re_logos_ARBRE2-1024x75.jpg 1024w, https:\/\/mycor.iam.inrae.fr\/ARBRE\/wp-content\/uploads\/2012\/12\/bani\u00e8re_logos_ARBRE2-500x36.jpg 500w\" sizes=\"auto, (max-width: 1414px) 100vw, 1414px\" \/><\/a><\/p>\n<p><strong>1. Contenu et priorit\u00e9s de l\u2019appel d\u2019offres ARBRE 2012<\/strong><\/p>\n<p><a href=\"https:\/\/mycor.iam.inrae.fr\/ARBRE\/wp-content\/uploads\/2012\/12\/logo_ARBRE_sans-texte1.jpg\"><img loading=\"lazy\" decoding=\"async\" class=\"alignleft size-thumbnail wp-image-152\" title=\"logo_ARBRE_sans texte\" src=\"https:\/\/mycor.iam.inrae.fr\/ARBRE\/wp-content\/uploads\/2012\/12\/logo_ARBRE_sans-texte1-150x150.jpg\" alt=\"\" width=\"150\" height=\"150\" \/><\/a>Les projets, s\u00e9lectionn\u00e9s \u00e0 la suite de l\u2019appel d&rsquo;offre, permettront de financer des travaux originaux, se situant sur <strong>le front de science<\/strong> et\/ou dans des domaines peu appuy\u00e9s par ailleurs, en particulier en raison de la prise de risque subs\u00e9quente aux <strong>aspect innovants<\/strong> fortement marqu\u00e9s qu&rsquo;ils doivent pr\u00e9senter. Dans le cadre des th\u00e9matiques d\u00e9clin\u00e9es dans le \u00a7 1.1, le LABEX favorisera l&rsquo;\u00e9mergence d&rsquo;id\u00e9es nouvelles, \u00e0 fort potentiel.<\/p>\n<p><strong>\u00a0<\/strong><em>1.1. Les th\u00e9matiques de recherche<\/em><\/p>\n<p>Les propositions feront r\u00e9f\u00e9rence \u00e0 l\u2019une ou plusieurs des quatre actions th\u00e9matiques (workpackages) du LABEX ARBRE\u00a0: WP1\u00a0: Interactions Arbres\/Micro-organismes, WP2\u00a0:\u00a0Fonctionnement et dysfonctionnement des for\u00eats face aux changements globaux, WP3\u00a0:\u00a0Le Bois \u2013 Ressource &amp; Produits Innovants, et WP4\u00a0: Economie foresti\u00e8re.<\/p>\n<p>Afin de stimuler l\u2019interaction entre \u00e9quipes et disciplines, le pr\u00e9sent appel ne consid\u00e8rera que les projets construits entre des contractants venant d\u2019au moins deux <span style=\"text-decoration: underline;\">groupes de recherche (ou champs disciplinaires)<\/span> diff\u00e9rents du LABEX ARBRE <span style=\"text-decoration: underline;\">avec une pr\u00e9f\u00e9rence pour les projets inter-unit\u00e9s<\/span>. Cette orientation vers un couplage d\u2019approches ((biologie int\u00e9grative et\/ou \u00e9cologie et\/ou xylosciences et\/ou \u00e9conomie foresti\u00e8re)) r\u00e9pond au souhait du LABEX ARBRE d\u2019affirmer sa volont\u00e9 d\u2019int\u00e9gration dans le domaine des sciences foresti\u00e8res.<\/p>\n<p>Les th\u00e9matiques soutenues par l\u2019AAP 2012 sont :<\/p>\n<p>Dans le cadre du <strong>WP1\u00a0<\/strong>:<\/p>\n<ul>\n<li>la g\u00e9nomique comparative et \u00e9volutive des traits de vie adaptatifs,<\/li>\n<li>l\u2019\u00e9tude des d\u00e9terminants g\u00e9n\u00e9tiques des interactions arbres\/champignons\/bact\u00e9ries,<\/li>\n<li>la biologie du d\u00e9veloppement,<\/li>\n<\/ul>\n<p>Dans le cadre du <strong>WP2\u00a0<\/strong>:<\/p>\n<ul>\n<li>les services \u00e9cosyst\u00e9miques rendus par les micro-organismes du sol et en particulier, l\u2019impact de la diversit\u00e9 microbienne sur la fertilit\u00e9 des sols et la sant\u00e9 des plantes,<\/li>\n<li>les liens entre cycles biog\u00e9ochimiques et adaptation des \u00e9cosyst\u00e8mes forestiers aux changements environnementaux,<\/li>\n<li>les processus d\u2019\u00e9volution \u00e0 long terme des for\u00eats et les distributions futures des essences foresti\u00e8res,<\/li>\n<\/ul>\n<p>Dans le cadre du <strong>WP3\u00a0<\/strong>:<\/p>\n<ul>\n<li>l\u2019\u00e9tude des facteurs environnementaux et ontog\u00e9niques contr\u00f4lant la formation du bois,<\/li>\n<li>l\u2019\u00e9tude des m\u00e9canismes de d\u00e9composition du bois par les micro-organismes en vue d\u2019application dans la protection du bois et la transformation de la biomasse,<\/li>\n<li>le d\u00e9veloppement d\u2019\u00e9co-produit d\u00e9riv\u00e9s de la biomasse lignocellulosique,<\/li>\n<\/ul>\n<p>Dans le cadre du <strong>WP4\u00a0<\/strong>:<\/p>\n<ul>\n<li>l\u2019\u00e9tude des indicateurs biotechniques de la biodiversit\u00e9 \u00e0 diff\u00e9rentes \u00e9chelles\u00a0spatiales,<\/li>\n<li>l\u2019\u00e9tude de mod\u00e9lisation \u00e9cologique et \u00e9conomique de production des services \u00e9cosyst\u00e9miques,<\/li>\n<li>l\u2019\u00e9tude des mesures de protection des habitats et des sch\u00e9mas incitatifs de paiement \u00e0 diff\u00e9rentes \u00e9chelles spatiales et temporelles\u00a0; l\u2019\u00e9tude de la production des autres services des for\u00eats (r\u00e9cr\u00e9ation, stockage du carbone,\u00a0&#8230;),<\/li>\n<li>les paiements pour services \u00e9cosyst\u00e9miques (r\u00e9cr\u00e9ation, protection de la biodiversit\u00e9, stockage du carbone).<\/li>\n<\/ul>\n<p>Pour l\u2019ensemble des WPs,<\/p>\n<p><em>Gestion des donn\u00e9es informatiques massives en g\u00e9nomique et \u00e9cologie et mod\u00e9lisation.<\/em> Un objectif du LABEX ARBRE est de promouvoir des recherches sur la pr\u00e9vision, \u00e0 moyen et long terme, des r\u00e9ponses des organismes et \u00e9cosyst\u00e8mes forestiers face aux impacts environnementaux et anthropiques, ainsi que le fonctionnement int\u00e9gr\u00e9 des arbres et des cort\u00e8ges de micro-organismes associ\u00e9s. Le d\u00e9veloppement de ces recherches implique l&rsquo;\u00e9laboration d&rsquo;outils de gestion informatique de donn\u00e9es massives (Knowledge databases) et des outils de mod\u00e9lisation. Cet appel \u00e0 projet encourage donc des propositions en termes de gestion de donn\u00e9es informatiques massives et de mod\u00e9lisation (\u00e0 l\u2019\u00e9chelle cellulaire, de l\u2019organisme ou de l\u2019\u00e9cosyst\u00e8me) visant \u00e0 \u00e9pauler les actions th\u00e9matiques du LABEX ARBRE. Ces propositions pourront concerner l\u2019\u00e9coinformatique et la bioinformatique.<\/p>\n<p><em>1.2. Formation<\/em><\/p>\n<p>Un objectif prioritaire du LABEX ARBRE est de promouvoir le couplage entre recherche et formation. Des actions de formation mobilisant les r\u00e9sultats des activit\u00e9s de recherche des \u00e9quipes du LABEX (\u00a7 1.1) sont fortement encourag\u00e9es. Dans le cadre de ce premier appel d\u2019offre, les projets pourront utiliser des r\u00e9sultats des \u00e9quipes obtenus avant la cr\u00e9ation du LABEX. Les actions de formation devront avoir une port\u00e9e internationale et mobiliser des outils modernes de formation (comme par exemple dans le cadre \u00ab\u00a0d\u2019universit\u00e9s virtuelles\u00a0\u00bb).<\/p>\n<p><em>1.3. Valorisation<\/em><\/p>\n<p>De la m\u00eame mani\u00e8re, le LABEX a pour objectif de valoriser au mieux les r\u00e9sultats de recherche et de diffuser les connaissances acquises vers les utilisateurs potentiels de la fili\u00e8re For\u00eat-Bois. Pour cela le LABEX soutiendra des projets de d\u00e9veloppement s\u2019appuyant sur les projets de recherche s\u00e9lectionn\u00e9s ou en cours dans les laboratoires du LABEX (\u00a7 1.1).<\/p>\n<p><strong>2. Types de projets et cr\u00e9dits allou\u00e9s<\/strong><\/p>\n<p>En accord avec le projet initial soumis \u00e0 l&rsquo;ANR et compte tenu des cr\u00e9dits allou\u00e9s au LABEX en 2012, le LABEX financera 3 gros projets multidisciplinaires inter-th\u00e9matiques (WPs) (<em>flagship projects<\/em>), port\u00e9s par des \u00ab\u00a0chercheurs d&rsquo;excellence\u00a0\u00bb, reconnus au niveau international, et une dizaine de projets incitatifs ou innovants (y compris des propositions de formation et de valorisation). Les projets de gestion des donn\u00e9es, d&rsquo;enseignement et de valorisation seront consid\u00e9r\u00e9s comme des projets incitatifs ou innovants.<\/p>\n<p>Chaque <span style=\"text-decoration: underline;\">projet multidisciplinaire<\/span> (<em>flagship projects<\/em>) retenu sera dot\u00e9 d\u2019une enveloppe budg\u00e9taire comprenant une dotation annuelle de 30\u00a0000 \u20ac maximum (fonctionnement, missions, petit \u00e9quipement, main d&rsquo;\u0153uvre, etc.) renouvelable trois ans sur pr\u00e9sentation du rapport annuel et d\u2019indicateurs de production scientifique, d\u2019une bourse de th\u00e8se (37 200 \u20ac\/an sur trois ans) et\/ou d\u2019une allocation postdoctorale (40\u00a0500 \u20ac\/an sur deux ans) et\/ou d\u2019une gratification d\u2019\u00e9tudiant Master 2. Les co-financements de bourse de th\u00e8se et d\u2019allocation post-doctorale seront encourag\u00e9s.<\/p>\n<p>Chaque <span style=\"text-decoration: underline;\">projet incitatif, ou innovant<\/span>, retenu sera financ\u00e9 par une dotation annuelle de 15000 \u20ac maximum (fonctionnement, missions, petit \u00e9quipement, main d&rsquo;\u0153uvre, etc.). Il pourra exceptionnellement \u00eatre renouvell\u00e9 sur la base des indicateurs de production scientifique. Ces projets pourront \u00e9ventuellement b\u00e9n\u00e9ficier d\u2019un co-financement de bourse de th\u00e8se ou d\u2019une allocation post-doctorale. A terme, les meilleurs projets innovants ont vocation \u00e0 se f\u00e9d\u00e9rer et se transformer en projets multidisciplinaires.<\/p>\n<p><strong>3. Conditions d\u2019\u00e9ligibilit\u00e9<\/strong><em><\/em><\/p>\n<p><em>3.1. Crit\u00e8res<\/em><\/p>\n<p>Le projets devront \u00eatre d\u00e9pos\u00e9s et port\u00e9s par un contractant, d\u00e9sign\u00e9 responsable, et\u00a0obligatoirement partenaire du LABEX ARBRE. Les projets doivent r\u00e9pondre \u00e0 l\u2019une ou plusieurs des priorit\u00e9s affich\u00e9es (cf. \u00a7 1). Les gros projets multidisciplinaires (<em>flagship projects<\/em>) devront associer <em>a minima<\/em> 2 unit\u00e9s du LABEX co-contractantes, l\u2019une jouant le r\u00f4le de porteur. Les projets incitatifs, ou innovants, devront associer <em>a minima<\/em> 2 groupes de recherche du LABEX.<\/p>\n<p>Ne peuvent \u00eatre co-contractants que les unit\u00e9s (ou chercheurs) partenaires du LABEX ARBRE. Afin d\u2019accro\u00eetre la lisibilit\u00e9 internationale du LABEX et favoriser les \u00e9changes d\u2019\u00e9tudiants et de scientifiques, la participation de laboratoires \u00e9trangers prestigieux (Max Planck Institut, US DOE, Umea Plant Science Center, etc) sera consid\u00e9r\u00e9e tr\u00e8s favorablement. Ces partenaires ext\u00e9rieurs devront toutefois \u00eatre financ\u00e9s par ailleurs. La dimension internationale des projets <span style=\"text-decoration: underline;\">multidisciplinaires<\/span> (<em>flagship projects<\/em>) sera un crit\u00e8re important de s\u00e9lection.<\/p>\n<p>Le LABEX vise \u00e0 d\u00e9velopper l&rsquo;attractivit\u00e9 du site lorrain en termes de recherches\/formation dans le domaine For\u00eat-Bois. Les projets viseront \u00e0 attirer vers nos laboratoires les meilleurs \u00e9tudiants et jeunes chercheurs fran\u00e7ais et internationaux. Des financements sp\u00e9cifiques et compl\u00e9mentaires pourront \u00eatre demand\u00e9s afin de financer des visites de coll\u00e8gues \u00e9trangers pendant 1 \u00e0 3 mois.<\/p>\n<p>&nbsp;<\/p>\n<p><strong>Calendrier et modalit\u00e9s pratiques<\/strong><\/p>\n<p>&#8211; Lancement de l\u2019appel \u00e0 projets : 28 ao\u00fbt 2012.<\/p>\n<p>&#8211; Date limite de d\u00e9p\u00f4t des dossiers simplifi\u00e9s : 26 septembre 2012 par e-mail au Directeur scientifique d\u2019ARBRE (fmartin@nancy.inra.fr) ; formulaire de r\u00e9ponse\u00a0: cf. Annexe 2.<\/p>\n<p>&#8211; R\u00e9sultats de l\u2019\u00e9valuation\u00a0: 10 octobre 2012.<\/p>\n<p>&#8211; Pr\u00e9sentation des projets par le responsable scientifique de chaque projet devant le Conseil Scientifique le 16 octobre lors de la R\u00e9union de lancement du Labex.<\/p>\n<p>&#8211; Date limite de d\u00e9p\u00f4t des dossiers complets\u00a0: 15 D\u00e9cembre 2012.<\/p>\n<p>&#8211; Versement des cr\u00e9dits : Janvier 2013 (\u00e0 l\u2019exception des bourses de th\u00e8se qui pourront d\u00e9buter en novembre-d\u00e9cembre 2012).<\/p>\n<div>\n<hr align=\"left\" size=\"1\" width=\"33%\" \/>\n<\/div>\n","protected":false},"excerpt":{"rendered":"<p>Date limite de d\u00e9p\u00f4t des dossiers: 26 septembre 2012 1. Contenu et priorit\u00e9s de l\u2019appel d\u2019offres ARBRE 2012 Les projets, s\u00e9lectionn\u00e9s \u00e0 la suite de l\u2019appel d&rsquo;offre, permettront de financer des travaux originaux, se situant sur le front de science &hellip; <a href=\"https:\/\/mycor.iam.inrae.fr\/ARBRE\/?p=84\">Continuer la lecture <span class=\"meta-nav\">&rarr;<\/span><\/a><\/p>\n","protected":false},"author":2,"featured_media":0,"comment_status":"closed","ping_status":"open","sticky":false,"template":"","format":"standard","meta":{"footnotes":""},"categories":[7],"tags":[30,26,29,24,27,20,19,22,21,28,25,23],"class_list":["post-84","post","type-post","status-publish","format-standard","hentry","category-appel-doffre","tag-adaptation","tag-changement-climatique","tag-cycles-biogeochimiques","tag-economie-forestiere","tag-genomique-comparative","tag-innovation","tag-interactions","tag-multidisciplinarite","tag-projets","tag-services-ecosystemiques","tag-symbiose","tag-xylosciences"],"_links":{"self":[{"href":"https:\/\/mycor.iam.inrae.fr\/ARBRE\/index.php?rest_route=\/wp\/v2\/posts\/84","targetHints":{"allow":["GET"]}}],"collection":[{"href":"https:\/\/mycor.iam.inrae.fr\/ARBRE\/index.php?rest_route=\/wp\/v2\/posts"}],"about":[{"href":"https:\/\/mycor.iam.inrae.fr\/ARBRE\/index.php?rest_route=\/wp\/v2\/types\/post"}],"author":[{"embeddable":true,"href":"https:\/\/mycor.iam.inrae.fr\/ARBRE\/index.php?rest_route=\/wp\/v2\/users\/2"}],"replies":[{"embeddable":true,"href":"https:\/\/mycor.iam.inrae.fr\/ARBRE\/index.php?rest_route=%2Fwp%2Fv2%2Fcomments&post=84"}],"version-history":[{"count":0,"href":"https:\/\/mycor.iam.inrae.fr\/ARBRE\/index.php?rest_route=\/wp\/v2\/posts\/84\/revisions"}],"wp:attachment":[{"href":"https:\/\/mycor.iam.inrae.fr\/ARBRE\/index.php?rest_route=%2Fwp%2Fv2%2Fmedia&parent=84"}],"wp:term":[{"taxonomy":"category","embeddable":true,"href":"https:\/\/mycor.iam.inrae.fr\/ARBRE\/index.php?rest_route=%2Fwp%2Fv2%2Fcategories&post=84"},{"taxonomy":"post_tag","embeddable":true,"href":"https:\/\/mycor.iam.inrae.fr\/ARBRE\/index.php?rest_route=%2Fwp%2Fv2%2Ftags&post=84"}],"curies":[{"name":"wp","href":"https:\/\/api.w.org\/{rel}","templated":true}]}}