{"id":8554,"date":"2015-10-13T13:22:35","date_gmt":"2015-10-13T13:22:35","guid":{"rendered":"https:\/\/mycor.iam.inrae.fr\/ARBRE\/?p=8554"},"modified":"2015-11-16T16:18:56","modified_gmt":"2015-11-16T16:18:56","slug":"arbre-seminaire-pierre-vollenweider-wsl","status":"publish","type":"post","link":"https:\/\/mycor.iam.inrae.fr\/ARBRE\/?p=8554","title":{"rendered":"ARBRE S\u00e9minaire \u2014 Pierre Vollenweider (WSL)"},"content":{"rendered":"<p><a href=\"https:\/\/mycor.iam.inrae.fr\/ARBRE\/wp-content\/uploads\/2015\/10\/PVWSL-new-banner-FR.png\"><img loading=\"lazy\" decoding=\"async\" class=\"alignleft size-full wp-image-8585\" src=\"https:\/\/mycor.iam.inrae.fr\/ARBRE\/wp-content\/uploads\/2015\/10\/PVWSL-new-banner-FR.png\" alt=\"PVWSL new banner FR\" width=\"708\" height=\"168\" \/><\/a><br \/>\n<strong>Dr. Pierre Vollenweider<\/strong><br \/>\n<strong>13 novembre \u2014 14h30<br \/>\n<\/strong>Salle de s\u00e9minaire, INRA Champenoux<\/p>\n<div>\n<div>___________________________________________<\/div>\n<\/div>\n<div><\/div>\n<div style=\"text-align: left;\">Nous accueillerons les 12 et 13 novembre 2015 Pierre Vollenweider, chercheur au WSL. Il donnera une conf\u00e9rence le 13 novembre \u00e0 14h30 dans la salle de s\u00e9minaire de l\u2019INRA-Nancy intitul\u00e9e:<\/div>\n<div style=\"text-align: left;\"><\/div>\n<div style=\"text-align: left;\"><\/div>\n<div style=\"text-align: left;\"><\/div>\n<div style=\"text-align: left;\"><strong>\u00ab\u00a0Contribution of structural changes to stress and tolerance responses in foliage of vascular plants under abiotic stress\u00a0\u00bb.<\/strong><\/div>\n<div style=\"text-align: left;\"><\/div>\n<div style=\"text-align: left;\"><\/div>\n<div style=\"padding-left: 30px;\"><\/div>\n<div>Dans le cadre de cette conf\u00e9rence, il fera un tour d&rsquo;horizon des recherches men\u00e9es au WSL, en commen\u00e7ant par l&rsquo;allocation des m\u00e9taux lourds et autres contaminants dans\u00a0les tissus foliaires, en poursuivant avec les changements structuraux en r\u00e9ponse \u00e0 la s\u00e9cheresse dans le contexte des changements\u00a0climatiques en cours et pour terminer avec les r\u00e9ponses \u00e0 l\u2019ozone.<\/div>\n<div><\/div>\n","protected":false},"excerpt":{"rendered":"<p>Dr. Pierre Vollenweider 13 novembre \u2014 14h30 Salle de s\u00e9minaire, INRA Champenoux ___________________________________________ Nous accueillerons les 12 et 13 novembre 2015 Pierre Vollenweider, chercheur au WSL. Il donnera une conf\u00e9rence le 13 novembre \u00e0 14h30 dans la salle de s\u00e9minaire &hellip; <a href=\"https:\/\/mycor.iam.inrae.fr\/ARBRE\/?p=8554\">Continuer la lecture <span class=\"meta-nav\">&rarr;<\/span><\/a><\/p>\n","protected":false},"author":4,"featured_media":0,"comment_status":"closed","ping_status":"closed","sticky":false,"template":"","format":"standard","meta":{"footnotes":""},"categories":[1],"tags":[],"class_list":["post-8554","post","type-post","status-publish","format-standard","hentry","category-divers"],"_links":{"self":[{"href":"https:\/\/mycor.iam.inrae.fr\/ARBRE\/index.php?rest_route=\/wp\/v2\/posts\/8554","targetHints":{"allow":["GET"]}}],"collection":[{"href":"https:\/\/mycor.iam.inrae.fr\/ARBRE\/index.php?rest_route=\/wp\/v2\/posts"}],"about":[{"href":"https:\/\/mycor.iam.inrae.fr\/ARBRE\/index.php?rest_route=\/wp\/v2\/types\/post"}],"author":[{"embeddable":true,"href":"https:\/\/mycor.iam.inrae.fr\/ARBRE\/index.php?rest_route=\/wp\/v2\/users\/4"}],"replies":[{"embeddable":true,"href":"https:\/\/mycor.iam.inrae.fr\/ARBRE\/index.php?rest_route=%2Fwp%2Fv2%2Fcomments&post=8554"}],"version-history":[{"count":0,"href":"https:\/\/mycor.iam.inrae.fr\/ARBRE\/index.php?rest_route=\/wp\/v2\/posts\/8554\/revisions"}],"wp:attachment":[{"href":"https:\/\/mycor.iam.inrae.fr\/ARBRE\/index.php?rest_route=%2Fwp%2Fv2%2Fmedia&parent=8554"}],"wp:term":[{"taxonomy":"category","embeddable":true,"href":"https:\/\/mycor.iam.inrae.fr\/ARBRE\/index.php?rest_route=%2Fwp%2Fv2%2Fcategories&post=8554"},{"taxonomy":"post_tag","embeddable":true,"href":"https:\/\/mycor.iam.inrae.fr\/ARBRE\/index.php?rest_route=%2Fwp%2Fv2%2Ftags&post=8554"}],"curies":[{"name":"wp","href":"https:\/\/api.w.org\/{rel}","templated":true}]}}